{"id":60187,"date":"2026-09-02T08:54:33","date_gmt":"2026-09-02T06:54:33","guid":{"rendered":"https:\/\/www.prologistik.com\/?p=60187"},"modified":"2026-09-02T09:41:47","modified_gmt":"2026-09-02T07:41:47","slug":"le-groupe-prologistik-group-recoit-une-double-distinction-champion-dans-le-pur-digital-solution-2027-vendor-benchmark","status":"publish","type":"post","link":"https:\/\/www.prologistik.com\/fr\/le-groupe-prologistik-group-recoit-une-double-distinction-champion-dans-le-pur-digital-solution-2027-vendor-benchmark\/","title":{"rendered":"Le groupe proLogistik Group re\u00e7oit une double distinction \u00ab Champion \u00bb dans le PUR Digital Solution 2027 Vendor Benchmark"},"content":{"rendered":"<div class=\"gb-container gb-container-1b0a6be3\">\n\n<ul class=\"wp-block-list\">\n<li>proLogistik Group se classe 1er dans les quatre cat\u00e9gories de gestion du transport \u00e9valu\u00e9es<\/li>\n\n\n\n<li>Scores de premier plan \u00e9galement dans l&#8217;\u00e9valuation de la gestion d&#8217;entrep\u00f4t : proLogistik excelle en mati\u00e8re de mod\u00e8les tarifaires\/d&#8217;approvisionnement et de durabilit\u00e9<\/li>\n<\/ul>\n\n\n\n<p class=\"wp-block-paragraph\"><strong><strong>Dortmund, <\/strong>le 2 septembre 2026 \u2013 Dans le PUR Digital Solutions 2027 Vendor Benchmark, \u00e9tude ind\u00e9pendante r\u00e9alis\u00e9e par techconsult, le groupe proLogistik Group est d\u00e9sign\u00e9 Champion en gestion du transport pour la deuxi\u00e8me fois, tout en d\u00e9fendant pour la troisi\u00e8me ann\u00e9e cons\u00e9cutive son titre de Champion en gestion d&#8217;entrep\u00f4t. Cette \u00e9valuation repose sur les avis de plus de 4 600 utilisateurs de solutions logistiques num\u00e9riques.<\/strong><\/p>\n\n\n\n<div class=\"wp-block-columns is-layout-flex wp-container-core-columns-is-layout-8f761849 wp-block-columns-is-layout-flex\">\n<div class=\"wp-block-column is-layout-flow wp-block-column-is-layout-flow\">\n<blockquote class=\"wp-block-quote is-layout-flow wp-block-quote-is-layout-flow\">\n<p class=\"wp-block-paragraph\">\u00ab Ce qui compte pour moi, ce n&#8217;est pas seulement le classement, mais qui se trouve derri\u00e8re : plus de 4 600 utilisateurs issus du quotidien professionnel r\u00e9el. Leur jugement est plus honn\u00eate que n&#8217;importe quelle autre \u00e9valuation \u2013 et le fait qu&#8217;il nous propulse deux fois au rang de Champion rend ce r\u00e9sultat particuli\u00e8rement pr\u00e9cieux pour nous. \u00bb<\/p>\n\n\n\n<p class=\"wp-block-paragraph\"><strong>C\u00e9sar Flores Rodr\u00edguez, CEO proLogistik Group<\/strong><\/p>\n<\/blockquote>\n\n\n\n<p class=\"wp-block-paragraph\">Pour le PUR Digital Solutions 2027 Vendor Benchmark, techconsult a fait \u00e9valuer des fournisseurs dans huit domaines de produits selon deux dimensions : le Company Rating, qui prend notamment en compte la capacit\u00e9 d&#8217;innovation, le portefeuille de produits, le service et la vente des fournisseurs, ainsi que le Technology\/Solution Rating, qui refl\u00e8te l&#8217;\u00e9tendue fonctionnelle, la valeur d&#8217;usage et la satisfaction des utilisateurs pour le logiciel concern\u00e9.<\/p>\n\n\n\n<div class=\"wp-block-columns is-layout-flex wp-container-core-columns-is-layout-8f761849 wp-block-columns-is-layout-flex\">\n<div class=\"wp-block-column is-layout-flow wp-block-column-is-layout-flow\">\n<figure class=\"wp-block-image size-large is-resized\"><img loading=\"lazy\" decoding=\"async\" width=\"724\" height=\"1024\" src=\"https:\/\/www.prologistik.com\/wp-content\/uploads\/PUR_DS_2027_Urkunde_Transportmanagement_proLogistik-724x1024.jpg\" alt=\"\" class=\"wp-image-60112\" style=\"width:551px;height:auto\" srcset=\"https:\/\/www.prologistik.com\/wp-content\/uploads\/PUR_DS_2027_Urkunde_Transportmanagement_proLogistik-724x1024.jpg 724w, https:\/\/www.prologistik.com\/wp-content\/uploads\/PUR_DS_2027_Urkunde_Transportmanagement_proLogistik-212x300.jpg 212w, https:\/\/www.prologistik.com\/wp-content\/uploads\/PUR_DS_2027_Urkunde_Transportmanagement_proLogistik-106x150.jpg 106w, https:\/\/www.prologistik.com\/wp-content\/uploads\/PUR_DS_2027_Urkunde_Transportmanagement_proLogistik-768x1086.jpg 768w, https:\/\/www.prologistik.com\/wp-content\/uploads\/PUR_DS_2027_Urkunde_Transportmanagement_proLogistik-1086x1536.jpg 1086w, https:\/\/www.prologistik.com\/wp-content\/uploads\/PUR_DS_2027_Urkunde_Transportmanagement_proLogistik-1448x2048.jpg 1448w, https:\/\/www.prologistik.com\/wp-content\/uploads\/PUR_DS_2027_Urkunde_Transportmanagement_proLogistik-scaled.jpg 1810w\" sizes=\"auto, (max-width: 724px) 100vw, 724px\" \/><\/figure>\n<\/div>\n\n\n\n<div class=\"wp-block-column is-layout-flow wp-block-column-is-layout-flow\">\n<p class=\"wp-block-paragraph\">Au total, environ 60 crit\u00e8res individuels r\u00e9partis en 13 sous-cat\u00e9gories ont \u00e9t\u00e9 pris en compte dans l&#8217;\u00e9valuation. Les fournisseurs qui obtiennent des r\u00e9sultats sup\u00e9rieurs \u00e0 la moyenne dans les deux dimensions sont distingu\u00e9s par techconsult en tant que \u00ab Champion \u00bb.<\/p>\n\n\n\n<p class=\"wp-block-paragraph\">proLogistik atteint ce statut dans les deux domaines o\u00f9 l&#8217;entreprise est pr\u00e9sente. En gestion du transport, le groupe proLogistik Group occupe la premi\u00e8re place dans les quatre cat\u00e9gories \u00e9valu\u00e9es \u2013 planification des tourn\u00e9es, transparence en temps r\u00e9el, gestion de flotte et traitement automatis\u00e9 des commandes. Ce sont pr\u00e9cis\u00e9ment ces capacit\u00e9s qui d\u00e9terminent, au quotidien, si une solution TMS tient vraiment ses promesses \u2013 et sur ce point, les utilisateurs placent clairement le groupe proLogistik Group en t\u00eate.<\/p>\n<\/div>\n<\/div>\n\n\n\n<p class=\"wp-block-paragraph\"><\/p>\n\n\n\n<div class=\"wp-block-columns is-layout-flex wp-container-core-columns-is-layout-8f761849 wp-block-columns-is-layout-flex\">\n<div class=\"wp-block-column is-layout-flow wp-block-column-is-layout-flow\">\n<div class=\"wp-block-columns is-layout-flex wp-container-core-columns-is-layout-8f761849 wp-block-columns-is-layout-flex\">\n<div class=\"wp-block-column is-layout-flow wp-block-column-is-layout-flow\">\n<p class=\"wp-block-paragraph\">En gestion d&#8217;entrep\u00f4t, ce troisi\u00e8me titre de Champion cons\u00e9cutif confirme une position de march\u00e9 constante sur plusieurs ann\u00e9es d&#8217;\u00e9tude. Parmi les 32 fournisseurs \u00e9valu\u00e9s, le groupe proLogistik Group occupe la premi\u00e8re place \u00e0 la fois pour les mod\u00e8les tarifaires\/d&#8217;approvisionnement et pour la durabilit\u00e9 \u2013 aucun autre fournisseur du secteur ne convainc davantage les utilisateurs sur ces points. <\/p>\n\n\n\n<p class=\"wp-block-paragraph\">En mati\u00e8re d&#8217;\u00e9tendue fonctionnelle, le groupe proLogistik Group se classe \u00e9galement 2e sur 32, juste derri\u00e8re le meilleur du secteur, et donc largement devant la majorit\u00e9 de ses concurrents.<\/p>\n<\/div>\n\n\n\n<div class=\"wp-block-column is-layout-flow wp-block-column-is-layout-flow\">\n<figure class=\"wp-block-image size-large is-resized\"><img loading=\"lazy\" decoding=\"async\" width=\"724\" height=\"1024\" src=\"https:\/\/www.prologistik.com\/wp-content\/uploads\/PUR_DS_2027_Urkunde_Warehouse_Management_proLogistik-724x1024.png\" alt=\"\" class=\"wp-image-60099\" style=\"width:551px;height:auto\" srcset=\"https:\/\/www.prologistik.com\/wp-content\/uploads\/PUR_DS_2027_Urkunde_Warehouse_Management_proLogistik-724x1024.png 724w, https:\/\/www.prologistik.com\/wp-content\/uploads\/PUR_DS_2027_Urkunde_Warehouse_Management_proLogistik-212x300.png 212w, https:\/\/www.prologistik.com\/wp-content\/uploads\/PUR_DS_2027_Urkunde_Warehouse_Management_proLogistik-106x150.png 106w, https:\/\/www.prologistik.com\/wp-content\/uploads\/PUR_DS_2027_Urkunde_Warehouse_Management_proLogistik-768x1086.png 768w, https:\/\/www.prologistik.com\/wp-content\/uploads\/PUR_DS_2027_Urkunde_Warehouse_Management_proLogistik-1086x1536.png 1086w, https:\/\/www.prologistik.com\/wp-content\/uploads\/PUR_DS_2027_Urkunde_Warehouse_Management_proLogistik-1448x2048.png 1448w, https:\/\/www.prologistik.com\/wp-content\/uploads\/PUR_DS_2027_Urkunde_Warehouse_Management_proLogistik-scaled.png 1810w\" sizes=\"auto, (max-width: 724px) 100vw, 724px\" \/><\/figure>\n<\/div>\n<\/div>\n\n\n\n<blockquote class=\"wp-block-quote is-layout-flow wp-block-quote-is-layout-flow\">\n<p class=\"wp-block-paragraph\">\u00ab \u00catre d\u00e9sign\u00e9 Champion trois fois de suite signifie que nous ne nous sommes jamais repos\u00e9s sur notre titre pr\u00e9c\u00e9dent. Nous avons fait \u00e9voluer la solution chaque ann\u00e9e, en l&#8217;affinant pour r\u00e9pondre aux besoins sp\u00e9cifiques du secteur \u2013 et c&#8217;est exactement ce que les utilisateurs ont confirm\u00e9 une fois de plus. La raison de ce troisi\u00e8me titre est la m\u00eame que celle du premier : nous ne d\u00e9fendons pas notre position, nous continuons \u00e0 progresser. \u00bb<\/p>\n\n\n\n<p class=\"wp-block-paragraph\"><strong>Julia Nicolini, Head of Product Management<\/strong><\/p>\n<\/blockquote>\n\n\n\n<p class=\"wp-block-paragraph\"><em>\u00c0 propos de l&#8217;\u00e9tude :<\/em> Le PUR Digital Solutions 2027 Vendor Benchmark a \u00e9t\u00e9 r\u00e9alis\u00e9 par techconsult GmbH, une soci\u00e9t\u00e9 d&#8217;analyse du groupe Heise. L&#8217;\u00e9tude repose sur une enqu\u00eate men\u00e9e aupr\u00e8s de plus de 4 600 experts en applications de solutions num\u00e9riques et \u00e9value les fournisseurs dans huit domaines de produits selon les dimensions Company Rating et Technology\/Solution Rating.<\/p>\n\n\n\n<p class=\"wp-block-paragraph\"><\/p>\n<\/div>\n<\/div>\n<\/div>\n<\/div>\n\n\n\n<p class=\"wp-block-paragraph\"><strong>Contact presse<br><\/strong>Stefanie B\u00f6rtz<\/p>\n\n\n\n<p class=\"wp-block-paragraph\"><a href=\"mailto:presse@prologistik.com\">presse@prologistik.com<\/a> | +49 231 5194 0<br>proLogistik GmbH | Fallgatter 1 | D-44369 Dortmund | Allemagne<br>www.prologistik.com<\/p>\n\n<\/div>","protected":false},"excerpt":{"rendered":"<p>Dans le PUR Digital Solutions 2027 Vendor Benchmark, \u00e9tude ind\u00e9pendante r\u00e9alis\u00e9e par techconsult, le groupe proLogistik Group est d\u00e9sign\u00e9 Champion en gestion du transport pour la deuxi\u00e8me fois, tout en d\u00e9fendant pour la troisi\u00e8me ann\u00e9e cons\u00e9cutive son titre de Champion en gestion d&#8217;entrep\u00f4t. Cette \u00e9valuation repose sur les avis de plus de 4 600 utilisateurs de solutions logistiques num\u00e9riques.<\/p>\n","protected":false},"author":92,"featured_media":60204,"comment_status":"closed","ping_status":"closed","sticky":false,"template":"","format":"standard","meta":{"_acf_changed":false,"footnotes":""},"categories":[287,136],"tags":[572,571,494,570,298,293],"class_list":["post-60187","post","type-post","status-publish","format-standard","has-post-thumbnail","hentry","category-actualites-fr","category-news","tag-award","tag-etiquetage","tag-prologistik-group-3","tag-pur-2027","tag-tms-fr","tag-wms-fr"],"acf":[],"yoast_head":"<!-- This site is optimized with the Yoast SEO Premium plugin v26.9 (Yoast SEO v28.3) - https:\/\/yoast.com\/product\/yoast-seo-premium-wordpress\/ -->\n<title>proLogistik Group nomme C\u00e9sar Flores Rodr\u00edguez nouveau CEO<\/title>\n<meta name=\"description\" content=\"Le groupe proLogistik re\u00e7oit \u00e0 nouveau deux fois le titre de \u00ab Champion \u00bb dans le Professional User Rating PUR 2027 pour sa pLG WMS et sa pLG TMS.\" \/>\n<meta name=\"robots\" content=\"index, follow, max-snippet:-1, max-image-preview:large, max-video-preview:-1\" \/>\n<link rel=\"canonical\" href=\"https:\/\/www.prologistik.com\/fr\/le-groupe-prologistik-group-recoit-une-double-distinction-champion-dans-le-pur-digital-solution-2027-vendor-benchmark\/\" \/>\n<meta property=\"og:locale\" content=\"fr_FR\" \/>\n<meta property=\"og:type\" content=\"article\" \/>\n<meta property=\"og:title\" content=\"Le groupe proLogistik Group re\u00e7oit une double distinction \u00ab Champion \u00bb dans le PUR Digital Solution 2027 Vendor Benchmark\" \/>\n<meta property=\"og:description\" content=\"Le groupe proLogistik re\u00e7oit \u00e0 nouveau deux fois le titre de \u00ab Champion \u00bb dans le Professional User Rating PUR 2027 pour sa pLG WMS et sa pLG TMS.\" \/>\n<meta property=\"og:url\" content=\"https:\/\/www.prologistik.com\/fr\/le-groupe-prologistik-group-recoit-une-double-distinction-champion-dans-le-pur-digital-solution-2027-vendor-benchmark\/\" \/>\n<meta property=\"og:site_name\" content=\"proLogistik Group\" \/>\n<meta property=\"article:published_time\" content=\"2026-09-02T06:54:33+00:00\" \/>\n<meta property=\"article:modified_time\" content=\"2026-09-02T07:41:47+00:00\" \/>\n<meta property=\"og:image\" content=\"https:\/\/www.prologistik.com\/wp-content\/uploads\/Website-Header_PUR-Auszeichnung-2027-2.png\" \/>\n\t<meta property=\"og:image:width\" content=\"920\" \/>\n\t<meta property=\"og:image:height\" content=\"550\" \/>\n\t<meta property=\"og:image:type\" content=\"image\/png\" \/>\n<meta name=\"author\" content=\"Stefanie B\u00f6rtz\" \/>\n<meta name=\"twitter:card\" content=\"summary_large_image\" \/>\n<meta name=\"twitter:label1\" content=\"\u00c9crit par\" \/>\n\t<meta name=\"twitter:data1\" content=\"Stefanie B\u00f6rtz\" \/>\n\t<meta name=\"twitter:label2\" content=\"Dur\u00e9e de lecture estim\u00e9e\" \/>\n\t<meta name=\"twitter:data2\" content=\"3 minutes\" \/>\n<script type=\"application\/ld+json\" class=\"yoast-schema-graph\">{\"@context\":\"https:\\\/\\\/schema.org\",\"@graph\":[{\"@type\":\"Article\",\"@id\":\"https:\\\/\\\/www.prologistik.com\\\/fr\\\/le-groupe-prologistik-group-recoit-une-double-distinction-champion-dans-le-pur-digital-solution-2027-vendor-benchmark\\\/#article\",\"isPartOf\":{\"@id\":\"https:\\\/\\\/www.prologistik.com\\\/fr\\\/le-groupe-prologistik-group-recoit-une-double-distinction-champion-dans-le-pur-digital-solution-2027-vendor-benchmark\\\/\"},\"author\":{\"name\":\"Stefanie B\u00f6rtz\",\"@id\":\"https:\\\/\\\/www.prologistik.com\\\/fr\\\/#\\\/schema\\\/person\\\/07058186ccba524ef9fc3329eb7a6926\"},\"headline\":\"Le groupe proLogistik Group re\u00e7oit une double distinction \u00ab Champion \u00bb dans le PUR Digital Solution 2027 Vendor Benchmark\",\"datePublished\":\"2026-09-02T06:54:33+00:00\",\"dateModified\":\"2026-09-02T07:41:47+00:00\",\"mainEntityOfPage\":{\"@id\":\"https:\\\/\\\/www.prologistik.com\\\/fr\\\/le-groupe-prologistik-group-recoit-une-double-distinction-champion-dans-le-pur-digital-solution-2027-vendor-benchmark\\\/\"},\"wordCount\":666,\"publisher\":{\"@id\":\"https:\\\/\\\/www.prologistik.com\\\/fr\\\/#organization\"},\"image\":{\"@id\":\"https:\\\/\\\/www.prologistik.com\\\/fr\\\/le-groupe-prologistik-group-recoit-une-double-distinction-champion-dans-le-pur-digital-solution-2027-vendor-benchmark\\\/#primaryimage\"},\"thumbnailUrl\":\"https:\\\/\\\/www.prologistik.com\\\/wp-content\\\/uploads\\\/Website-Header_PUR-Auszeichnung-2027-2.png\",\"keywords\":[\"Award\",\"\u00e9tiquetage\",\"proLogistik Group\",\"PUR 2027\",\"tms\",\"wms\"],\"articleSection\":[\"Actualit\u00e9s\",\"News\"],\"inLanguage\":\"fr-FR\"},{\"@type\":\"WebPage\",\"@id\":\"https:\\\/\\\/www.prologistik.com\\\/fr\\\/le-groupe-prologistik-group-recoit-une-double-distinction-champion-dans-le-pur-digital-solution-2027-vendor-benchmark\\\/\",\"url\":\"https:\\\/\\\/www.prologistik.com\\\/fr\\\/le-groupe-prologistik-group-recoit-une-double-distinction-champion-dans-le-pur-digital-solution-2027-vendor-benchmark\\\/\",\"name\":\"proLogistik Group nomme C\u00e9sar Flores Rodr\u00edguez nouveau CEO\",\"isPartOf\":{\"@id\":\"https:\\\/\\\/www.prologistik.com\\\/fr\\\/#website\"},\"primaryImageOfPage\":{\"@id\":\"https:\\\/\\\/www.prologistik.com\\\/fr\\\/le-groupe-prologistik-group-recoit-une-double-distinction-champion-dans-le-pur-digital-solution-2027-vendor-benchmark\\\/#primaryimage\"},\"image\":{\"@id\":\"https:\\\/\\\/www.prologistik.com\\\/fr\\\/le-groupe-prologistik-group-recoit-une-double-distinction-champion-dans-le-pur-digital-solution-2027-vendor-benchmark\\\/#primaryimage\"},\"thumbnailUrl\":\"https:\\\/\\\/www.prologistik.com\\\/wp-content\\\/uploads\\\/Website-Header_PUR-Auszeichnung-2027-2.png\",\"datePublished\":\"2026-09-02T06:54:33+00:00\",\"dateModified\":\"2026-09-02T07:41:47+00:00\",\"description\":\"Le groupe proLogistik re\u00e7oit \u00e0 nouveau deux fois le titre de \u00ab Champion \u00bb dans le Professional User Rating PUR 2027 pour sa pLG WMS et sa pLG TMS.\",\"breadcrumb\":{\"@id\":\"https:\\\/\\\/www.prologistik.com\\\/fr\\\/le-groupe-prologistik-group-recoit-une-double-distinction-champion-dans-le-pur-digital-solution-2027-vendor-benchmark\\\/#breadcrumb\"},\"inLanguage\":\"fr-FR\",\"potentialAction\":[{\"@type\":\"ReadAction\",\"target\":[\"https:\\\/\\\/www.prologistik.com\\\/fr\\\/le-groupe-prologistik-group-recoit-une-double-distinction-champion-dans-le-pur-digital-solution-2027-vendor-benchmark\\\/\"]}]},{\"@type\":\"ImageObject\",\"inLanguage\":\"fr-FR\",\"@id\":\"https:\\\/\\\/www.prologistik.com\\\/fr\\\/le-groupe-prologistik-group-recoit-une-double-distinction-champion-dans-le-pur-digital-solution-2027-vendor-benchmark\\\/#primaryimage\",\"url\":\"https:\\\/\\\/www.prologistik.com\\\/wp-content\\\/uploads\\\/Website-Header_PUR-Auszeichnung-2027-2.png\",\"contentUrl\":\"https:\\\/\\\/www.prologistik.com\\\/wp-content\\\/uploads\\\/Website-Header_PUR-Auszeichnung-2027-2.png\",\"width\":920,\"height\":550},{\"@type\":\"BreadcrumbList\",\"@id\":\"https:\\\/\\\/www.prologistik.com\\\/fr\\\/le-groupe-prologistik-group-recoit-une-double-distinction-champion-dans-le-pur-digital-solution-2027-vendor-benchmark\\\/#breadcrumb\",\"itemListElement\":[{\"@type\":\"ListItem\",\"position\":1,\"name\":\"Startseite\",\"item\":\"https:\\\/\\\/www.prologistik.com\\\/fr\\\/\"},{\"@type\":\"ListItem\",\"position\":2,\"name\":\"Le groupe proLogistik Group re\u00e7oit une double distinction \u00ab Champion \u00bb dans le PUR Digital Solution 2027 Vendor Benchmark\"}]},{\"@type\":\"WebSite\",\"@id\":\"https:\\\/\\\/www.prologistik.com\\\/fr\\\/#website\",\"url\":\"https:\\\/\\\/www.prologistik.com\\\/fr\\\/\",\"name\":\"proLogistik Group\",\"description\":\"Software und Hardware f\u00fcr die Intralogistik\",\"publisher\":{\"@id\":\"https:\\\/\\\/www.prologistik.com\\\/fr\\\/#organization\"},\"potentialAction\":[{\"@type\":\"SearchAction\",\"target\":{\"@type\":\"EntryPoint\",\"urlTemplate\":\"https:\\\/\\\/www.prologistik.com\\\/fr\\\/?s={search_term_string}\"},\"query-input\":{\"@type\":\"PropertyValueSpecification\",\"valueRequired\":true,\"valueName\":\"search_term_string\"}}],\"inLanguage\":\"fr-FR\"},{\"@type\":\"Organization\",\"@id\":\"https:\\\/\\\/www.prologistik.com\\\/fr\\\/#organization\",\"name\":\"proLogistik Group\",\"url\":\"https:\\\/\\\/www.prologistik.com\\\/fr\\\/\",\"logo\":{\"@type\":\"ImageObject\",\"inLanguage\":\"fr-FR\",\"@id\":\"https:\\\/\\\/www.prologistik.com\\\/fr\\\/#\\\/schema\\\/logo\\\/image\\\/\",\"url\":\"https:\\\/\\\/www.prologistik.com\\\/wp-content\\\/uploads\\\/prologistik-logo-web.svg\",\"contentUrl\":\"https:\\\/\\\/www.prologistik.com\\\/wp-content\\\/uploads\\\/prologistik-logo-web.svg\",\"width\":320,\"height\":59,\"caption\":\"proLogistik Group\"},\"image\":{\"@id\":\"https:\\\/\\\/www.prologistik.com\\\/fr\\\/#\\\/schema\\\/logo\\\/image\\\/\"}},{\"@type\":\"Person\",\"@id\":\"https:\\\/\\\/www.prologistik.com\\\/fr\\\/#\\\/schema\\\/person\\\/07058186ccba524ef9fc3329eb7a6926\",\"name\":\"Stefanie B\u00f6rtz\",\"image\":{\"@type\":\"ImageObject\",\"inLanguage\":\"fr-FR\",\"@id\":\"https:\\\/\\\/secure.gravatar.com\\\/avatar\\\/574c23ad694f486249ba8c3fdb6fade76ab341c9247a12099938d7b60ffede64?s=96&d=mm&r=g\",\"url\":\"https:\\\/\\\/secure.gravatar.com\\\/avatar\\\/574c23ad694f486249ba8c3fdb6fade76ab341c9247a12099938d7b60ffede64?s=96&d=mm&r=g\",\"contentUrl\":\"https:\\\/\\\/secure.gravatar.com\\\/avatar\\\/574c23ad694f486249ba8c3fdb6fade76ab341c9247a12099938d7b60ffede64?s=96&d=mm&r=g\",\"caption\":\"Stefanie B\u00f6rtz\"},\"url\":\"https:\\\/\\\/www.prologistik.com\\\/fr\\\/author\\\/pl-stbo\\\/\"}]}<\/script>\n<!-- \/ Yoast SEO Premium plugin. -->","yoast_head_json":{"title":"proLogistik Group nomme C\u00e9sar Flores Rodr\u00edguez nouveau CEO","description":"Le groupe proLogistik re\u00e7oit \u00e0 nouveau deux fois le titre de \u00ab Champion \u00bb dans le Professional User Rating PUR 2027 pour sa pLG WMS et sa pLG TMS.","robots":{"index":"index","follow":"follow","max-snippet":"max-snippet:-1","max-image-preview":"max-image-preview:large","max-video-preview":"max-video-preview:-1"},"canonical":"https:\/\/www.prologistik.com\/fr\/le-groupe-prologistik-group-recoit-une-double-distinction-champion-dans-le-pur-digital-solution-2027-vendor-benchmark\/","og_locale":"fr_FR","og_type":"article","og_title":"Le groupe proLogistik Group re\u00e7oit une double distinction \u00ab Champion \u00bb dans le PUR Digital Solution 2027 Vendor Benchmark","og_description":"Le groupe proLogistik re\u00e7oit \u00e0 nouveau deux fois le titre de \u00ab Champion \u00bb dans le Professional User Rating PUR 2027 pour sa pLG WMS et sa pLG TMS.","og_url":"https:\/\/www.prologistik.com\/fr\/le-groupe-prologistik-group-recoit-une-double-distinction-champion-dans-le-pur-digital-solution-2027-vendor-benchmark\/","og_site_name":"proLogistik Group","article_published_time":"2026-09-02T06:54:33+00:00","article_modified_time":"2026-09-02T07:41:47+00:00","og_image":[{"width":920,"height":550,"url":"https:\/\/www.prologistik.com\/wp-content\/uploads\/Website-Header_PUR-Auszeichnung-2027-2.png","type":"image\/png"}],"author":"Stefanie B\u00f6rtz","twitter_card":"summary_large_image","twitter_misc":{"\u00c9crit par":"Stefanie B\u00f6rtz","Dur\u00e9e de lecture estim\u00e9e":"3 minutes"},"schema":{"@context":"https:\/\/schema.org","@graph":[{"@type":"Article","@id":"https:\/\/www.prologistik.com\/fr\/le-groupe-prologistik-group-recoit-une-double-distinction-champion-dans-le-pur-digital-solution-2027-vendor-benchmark\/#article","isPartOf":{"@id":"https:\/\/www.prologistik.com\/fr\/le-groupe-prologistik-group-recoit-une-double-distinction-champion-dans-le-pur-digital-solution-2027-vendor-benchmark\/"},"author":{"name":"Stefanie B\u00f6rtz","@id":"https:\/\/www.prologistik.com\/fr\/#\/schema\/person\/07058186ccba524ef9fc3329eb7a6926"},"headline":"Le groupe proLogistik Group re\u00e7oit une double distinction \u00ab Champion \u00bb dans le PUR Digital Solution 2027 Vendor Benchmark","datePublished":"2026-09-02T06:54:33+00:00","dateModified":"2026-09-02T07:41:47+00:00","mainEntityOfPage":{"@id":"https:\/\/www.prologistik.com\/fr\/le-groupe-prologistik-group-recoit-une-double-distinction-champion-dans-le-pur-digital-solution-2027-vendor-benchmark\/"},"wordCount":666,"publisher":{"@id":"https:\/\/www.prologistik.com\/fr\/#organization"},"image":{"@id":"https:\/\/www.prologistik.com\/fr\/le-groupe-prologistik-group-recoit-une-double-distinction-champion-dans-le-pur-digital-solution-2027-vendor-benchmark\/#primaryimage"},"thumbnailUrl":"https:\/\/www.prologistik.com\/wp-content\/uploads\/Website-Header_PUR-Auszeichnung-2027-2.png","keywords":["Award","\u00e9tiquetage","proLogistik Group","PUR 2027","tms","wms"],"articleSection":["Actualit\u00e9s","News"],"inLanguage":"fr-FR"},{"@type":"WebPage","@id":"https:\/\/www.prologistik.com\/fr\/le-groupe-prologistik-group-recoit-une-double-distinction-champion-dans-le-pur-digital-solution-2027-vendor-benchmark\/","url":"https:\/\/www.prologistik.com\/fr\/le-groupe-prologistik-group-recoit-une-double-distinction-champion-dans-le-pur-digital-solution-2027-vendor-benchmark\/","name":"proLogistik Group nomme C\u00e9sar Flores Rodr\u00edguez nouveau CEO","isPartOf":{"@id":"https:\/\/www.prologistik.com\/fr\/#website"},"primaryImageOfPage":{"@id":"https:\/\/www.prologistik.com\/fr\/le-groupe-prologistik-group-recoit-une-double-distinction-champion-dans-le-pur-digital-solution-2027-vendor-benchmark\/#primaryimage"},"image":{"@id":"https:\/\/www.prologistik.com\/fr\/le-groupe-prologistik-group-recoit-une-double-distinction-champion-dans-le-pur-digital-solution-2027-vendor-benchmark\/#primaryimage"},"thumbnailUrl":"https:\/\/www.prologistik.com\/wp-content\/uploads\/Website-Header_PUR-Auszeichnung-2027-2.png","datePublished":"2026-09-02T06:54:33+00:00","dateModified":"2026-09-02T07:41:47+00:00","description":"Le groupe proLogistik re\u00e7oit \u00e0 nouveau deux fois le titre de \u00ab Champion \u00bb dans le Professional User Rating PUR 2027 pour sa pLG WMS et sa pLG TMS.","breadcrumb":{"@id":"https:\/\/www.prologistik.com\/fr\/le-groupe-prologistik-group-recoit-une-double-distinction-champion-dans-le-pur-digital-solution-2027-vendor-benchmark\/#breadcrumb"},"inLanguage":"fr-FR","potentialAction":[{"@type":"ReadAction","target":["https:\/\/www.prologistik.com\/fr\/le-groupe-prologistik-group-recoit-une-double-distinction-champion-dans-le-pur-digital-solution-2027-vendor-benchmark\/"]}]},{"@type":"ImageObject","inLanguage":"fr-FR","@id":"https:\/\/www.prologistik.com\/fr\/le-groupe-prologistik-group-recoit-une-double-distinction-champion-dans-le-pur-digital-solution-2027-vendor-benchmark\/#primaryimage","url":"https:\/\/www.prologistik.com\/wp-content\/uploads\/Website-Header_PUR-Auszeichnung-2027-2.png","contentUrl":"https:\/\/www.prologistik.com\/wp-content\/uploads\/Website-Header_PUR-Auszeichnung-2027-2.png","width":920,"height":550},{"@type":"BreadcrumbList","@id":"https:\/\/www.prologistik.com\/fr\/le-groupe-prologistik-group-recoit-une-double-distinction-champion-dans-le-pur-digital-solution-2027-vendor-benchmark\/#breadcrumb","itemListElement":[{"@type":"ListItem","position":1,"name":"Startseite","item":"https:\/\/www.prologistik.com\/fr\/"},{"@type":"ListItem","position":2,"name":"Le groupe proLogistik Group re\u00e7oit une double distinction \u00ab Champion \u00bb dans le PUR Digital Solution 2027 Vendor Benchmark"}]},{"@type":"WebSite","@id":"https:\/\/www.prologistik.com\/fr\/#website","url":"https:\/\/www.prologistik.com\/fr\/","name":"proLogistik Group","description":"Software und Hardware f\u00fcr die Intralogistik","publisher":{"@id":"https:\/\/www.prologistik.com\/fr\/#organization"},"potentialAction":[{"@type":"SearchAction","target":{"@type":"EntryPoint","urlTemplate":"https:\/\/www.prologistik.com\/fr\/?s={search_term_string}"},"query-input":{"@type":"PropertyValueSpecification","valueRequired":true,"valueName":"search_term_string"}}],"inLanguage":"fr-FR"},{"@type":"Organization","@id":"https:\/\/www.prologistik.com\/fr\/#organization","name":"proLogistik Group","url":"https:\/\/www.prologistik.com\/fr\/","logo":{"@type":"ImageObject","inLanguage":"fr-FR","@id":"https:\/\/www.prologistik.com\/fr\/#\/schema\/logo\/image\/","url":"https:\/\/www.prologistik.com\/wp-content\/uploads\/prologistik-logo-web.svg","contentUrl":"https:\/\/www.prologistik.com\/wp-content\/uploads\/prologistik-logo-web.svg","width":320,"height":59,"caption":"proLogistik Group"},"image":{"@id":"https:\/\/www.prologistik.com\/fr\/#\/schema\/logo\/image\/"}},{"@type":"Person","@id":"https:\/\/www.prologistik.com\/fr\/#\/schema\/person\/07058186ccba524ef9fc3329eb7a6926","name":"Stefanie B\u00f6rtz","image":{"@type":"ImageObject","inLanguage":"fr-FR","@id":"https:\/\/secure.gravatar.com\/avatar\/574c23ad694f486249ba8c3fdb6fade76ab341c9247a12099938d7b60ffede64?s=96&d=mm&r=g","url":"https:\/\/secure.gravatar.com\/avatar\/574c23ad694f486249ba8c3fdb6fade76ab341c9247a12099938d7b60ffede64?s=96&d=mm&r=g","contentUrl":"https:\/\/secure.gravatar.com\/avatar\/574c23ad694f486249ba8c3fdb6fade76ab341c9247a12099938d7b60ffede64?s=96&d=mm&r=g","caption":"Stefanie B\u00f6rtz"},"url":"https:\/\/www.prologistik.com\/fr\/author\/pl-stbo\/"}]}},"_links":{"self":[{"href":"https:\/\/www.prologistik.com\/fr\/wp-json\/wp\/v2\/posts\/60187","targetHints":{"allow":["GET"]}}],"collection":[{"href":"https:\/\/www.prologistik.com\/fr\/wp-json\/wp\/v2\/posts"}],"about":[{"href":"https:\/\/www.prologistik.com\/fr\/wp-json\/wp\/v2\/types\/post"}],"author":[{"embeddable":true,"href":"https:\/\/www.prologistik.com\/fr\/wp-json\/wp\/v2\/users\/92"}],"replies":[{"embeddable":true,"href":"https:\/\/www.prologistik.com\/fr\/wp-json\/wp\/v2\/comments?post=60187"}],"version-history":[{"count":2,"href":"https:\/\/www.prologistik.com\/fr\/wp-json\/wp\/v2\/posts\/60187\/revisions"}],"predecessor-version":[{"id":60212,"href":"https:\/\/www.prologistik.com\/fr\/wp-json\/wp\/v2\/posts\/60187\/revisions\/60212"}],"wp:featuredmedia":[{"embeddable":true,"href":"https:\/\/www.prologistik.com\/fr\/wp-json\/wp\/v2\/media\/60204"}],"wp:attachment":[{"href":"https:\/\/www.prologistik.com\/fr\/wp-json\/wp\/v2\/media?parent=60187"}],"wp:term":[{"taxonomy":"category","embeddable":true,"href":"https:\/\/www.prologistik.com\/fr\/wp-json\/wp\/v2\/categories?post=60187"},{"taxonomy":"post_tag","embeddable":true,"href":"https:\/\/www.prologistik.com\/fr\/wp-json\/wp\/v2\/tags?post=60187"}],"curies":[{"name":"wp","href":"https:\/\/api.w.org\/{rel}","templated":true}]}}