{"id":53127,"date":"2025-09-17T08:17:49","date_gmt":"2025-09-17T06:17:49","guid":{"rendered":"https:\/\/www.prologistik.com\/?p=53127"},"modified":"2026-04-21T16:50:28","modified_gmt":"2026-04-21T14:50:28","slug":"lancement-de-prologistik-neo-par-le-groupe-prologistik","status":"publish","type":"post","link":"https:\/\/www.prologistik.com\/fr\/lancement-de-prologistik-neo-par-le-groupe-prologistik\/","title":{"rendered":"Lancement de proLogistik NEO par le Groupe proLogistik"},"content":{"rendered":"<div class=\"gb-container gb-container-f76d3c67\">\n\n<h2 class=\"wp-block-heading\" id=\"h-la-plateforme-cloud-native-unifie-les-solutions-de-chaine-d-approvisionnement-dans-une-interface-unique\">La plateforme cloud-native unifie les solutions de cha\u00eene d&#8217;approvisionnement dans une interface unique<\/h2>\n\n\n\n<p><strong>Dortmund, 17 septembre 2025 | Le Groupe proLogistik pr\u00e9sente proLogistik NEO, une plateforme logistique innovante dot\u00e9e de solutions aliment\u00e9es par l&#8217;IA et des agents intelligents qui aident les entreprises \u00e0 prendre des d\u00e9cisions plus rapides et plus fiables. Cela permet de minimiser les risques, de pr\u00e9venir les perturbations et d&#8217;am\u00e9liorer durablement la rentabilit\u00e9.<\/strong><\/p>\n\n\n\n<p>La plateforme modulaire et ax\u00e9e sur les donn\u00e9es combine la gestion d&#8217;entrep\u00f4t (WMS), la gestion des transports (TMS), les outils d\u2019analyse (BI) et le centre de contr\u00f4le IA en une seule interface utilisateur.<\/p>\n\n\n\n<h4 class=\"wp-block-heading\" id=\"h-une-plateforme-pour-unifier-les-solutions\">Une plateforme pour unifier les solutions<\/h4>\n\n\n\n<p>L&#8217;authentification unique (SSO), le contr\u00f4le d&#8217;acc\u00e8s bas\u00e9 sur les r\u00f4les (RBAC) et la gestion centralis\u00e9e des donn\u00e9es ma\u00eetresses r\u00e9duisent la complexit\u00e9 des interfaces, am\u00e9liorent la transparence et acc\u00e9l\u00e8rent la prise de d\u00e9cision tout au long de la cha\u00eene d&#8217;approvisionnement. Le principe est bas\u00e9 sur un \u00ab\u00a0entrep\u00f4t de donn\u00e9es\u00a0\u00bb qui consolide les informations provenant des syst\u00e8mes proLogistik et des applications tierces (par exemple, ERP), fournissant une base de donn\u00e9es unifi\u00e9e et exploitable. <\/p>\n\n\n\n<p>proLogistik NEO r\u00e9pond \u00e0 un d\u00e9fi commun : des syst\u00e8mes fragment\u00e9s qui n\u00e9cessitent une int\u00e9gration et une maintenance \u00e9tendues.<\/p>\n\n\n<div class=\"gb-container gb-container-0a7a63b2\">\n<div class=\"gb-container gb-container-256514c0\">\n<div class=\"gb-grid-wrapper gb-grid-wrapper-06f1c1e3\">\n<div class=\"gb-grid-column gb-grid-column-d6f71108\"><div class=\"gb-container gb-container-d6f71108\">\n\n<div id=\"quotebox-block_a32faf2d241cd7f6b5bcf770e5ea2f60\" class=\"quotebox no-image  align-center\">\n    <div class=\"quotebox-inner\">\n        \n        <div class=\"quotebox-content align-center no-image\">\n                        <div class=\"quotebox-quote small-font\">\n                \u00ab proLogistik NEO unit l&#8217;entreposage, le transport, l&#8217;analyse et notre centre de contr\u00f4le IA dans une seule interface \u2013 r\u00e9duisant la complexit\u00e9 et acc\u00e9l\u00e9rant les d\u00e9cisions. De plus, nos clients b\u00e9n\u00e9ficient d&#8217;une acad\u00e9mie d&#8217;e-learning int\u00e9gr\u00e9e. \u00bb             <\/div>\n                                    <div class=\"quotebox-source-content\">\n                                <span class=\"quotebox-source color-blue\">J\u00f6rg S\u00e4nger<\/span>\n                <span class=\"quotebox-addition color-grey\">CEO, Groupe proLogistik<\/span>\n                                            <\/div>\n                    <\/div>\n    <\/div>\n<\/div>\n\n\n<\/div><\/div>\n<\/div>\n<\/div>\n<\/div>\n\n\n<div class=\"wp-block-columns is-layout-flex wp-container-core-columns-is-layout-9d6595d7 wp-block-columns-is-layout-flex\">\n<div class=\"wp-block-column is-layout-flow wp-block-column-is-layout-flow\">\n<h4 class=\"wp-block-heading\" id=\"h-modernisation-sans-refonte-du-systeme\">Modernisation sans refonte du syst\u00e8me<\/h4>\n\n\n\n<p>Suivant le principe \u00ab connecter au lieu de remplacer \u00bb, les clients peuvent int\u00e9grer leurs syst\u00e8mes existants avec proLogistik NEO sans avoir besoin d&#8217;une migration compl\u00e8te. Cela permet une utilisation imm\u00e9diate des outils modernes de BI et d&#8217;IA. La modernisation compl\u00e8te du paysage informatique se fait ensuite \u00e9tape par \u00e9tape \u2013 r\u00e9duisant les risques de projet, garantissant la fiabilit\u00e9 de la planification et raccourcissant le d\u00e9lai de valorisation.<\/p>\n\n\n<style>.kb-image53127_5fb8e5-6b .kb-image-has-overlay:after{opacity:0.3;}<\/style>\n<figure class=\"wp-block-kadence-image kb-image53127_5fb8e5-6b size-large\"><img loading=\"lazy\" decoding=\"async\" width=\"1024\" height=\"859\" src=\"https:\/\/www.prologistik.com\/wp-content\/uploads\/proLogistik-Supply-Chain-Plattform_allgemein-FR-1024x859.png\" alt=\"La plateforme cloud-native unifie les solutions de cha\u00eene d'approvisionnement dans une interface unique\" class=\"kb-img wp-image-53159\" srcset=\"https:\/\/www.prologistik.com\/wp-content\/uploads\/proLogistik-Supply-Chain-Plattform_allgemein-FR-1024x859.png 1024w, https:\/\/www.prologistik.com\/wp-content\/uploads\/proLogistik-Supply-Chain-Plattform_allgemein-FR-300x252.png 300w, https:\/\/www.prologistik.com\/wp-content\/uploads\/proLogistik-Supply-Chain-Plattform_allgemein-FR-150x126.png 150w, https:\/\/www.prologistik.com\/wp-content\/uploads\/proLogistik-Supply-Chain-Plattform_allgemein-FR-768x644.png 768w, https:\/\/www.prologistik.com\/wp-content\/uploads\/proLogistik-Supply-Chain-Plattform_allgemein-FR-1536x1288.png 1536w, https:\/\/www.prologistik.com\/wp-content\/uploads\/proLogistik-Supply-Chain-Plattform_allgemein-FR-2048x1717.png 2048w\" sizes=\"auto, (max-width: 1024px) 100vw, 1024px\" \/><\/figure>\n<\/div>\n<\/div>\n\n\n\n<h4 class=\"wp-block-heading\" id=\"h-un-entrepot-de-donnees-comme-hub-central\">Un entrep\u00f4t de donn\u00e9es comme hub central<\/h4>\n\n\n\n<p>Au c\u0153ur de la plateforme se trouve l&#8217;entrep\u00f4t de donn\u00e9es du Groupe proLogistik, qui consolide les donn\u00e9es des WMS et TMS ainsi que des syst\u00e8mes ERP, <a class=\"wpil_keyword_link\" href=\"https:\/\/www.prologistik.com\/fr\/logiciel-global\/customer-relationship-management\/\" title=\"CRM\" data-wpil-keyword-link=\"linked\" data-wpil-monitor-id=\"459\">CRM<\/a> et MES. Cela donne aux utilisateurs une base de donn\u00e9es unifi\u00e9e pour les analyses BI et les recommandations bas\u00e9es sur l&#8217;IA \u2013 y compris des KPI personnalis\u00e9s, des analyses de tendances et un traitement en temps quasi r\u00e9el ou par lot. Les donn\u00e9es ma\u00eetresses centralis\u00e9es r\u00e9duisent la saisie et la maintenance de donn\u00e9es redondantes et augmentent la transparence dans le reporting et la gestion des donn\u00e9es.<\/p>\n\n\n\n<p>L&#8217;outil BI au sein de la plateforme proLogistik NEO fournit des tableaux de bord interactifs bas\u00e9s sur les r\u00f4les avec des capacit\u00e9s de drill-down, rendant les donn\u00e9es visibles des aper\u00e7us de haut niveau jusqu&#8217;aux moindres d\u00e9tails. Cela rend les d\u00e9cisions plus tra\u00e7ables, les KPI plus coh\u00e9rents et les insights plus transversaux.<\/p>\n\n\n\n<h4 class=\"wp-block-heading\" id=\"h-le-centre-de-controle-ai-intelligent-simplifie-les-operations-quotidiennes\">Le Centre de Contr\u00f4le AI Intelligent Simplifie les Op\u00e9rations Quotidiennes<\/h4>\n\n\n\n<p>Le Centre de Contr\u00f4le AI combine la puissance de l&#8217;intelligence artificielle et de l&#8217;intelligence d&#8217;affaires, offrant aux clients deux agents sp\u00e9cialis\u00e9s :<\/p>\n\n\n\n<div class=\"wp-block-columns is-layout-flex wp-container-core-columns-is-layout-9d6595d7 wp-block-columns-is-layout-flex\">\n<div class=\"wp-block-column is-layout-flow wp-block-column-is-layout-flow\">\n<figure class=\"wp-block-image size-large is-resized\"><img loading=\"lazy\" decoding=\"async\" width=\"753\" height=\"1024\" alt=\"Thulackshan Mohan, CTO der proLogistik Group.\" src=\"https:\/\/www.prologistik.com\/wp-content\/uploads\/Thula_freigegebenes-Portraitfoto-753x1024.jpg\" alt=\"\" class=\"wp-image-53135\" style=\"width:282px;height:auto\" srcset=\"https:\/\/www.prologistik.com\/wp-content\/uploads\/Thula_freigegebenes-Portraitfoto-753x1024.jpg 753w, https:\/\/www.prologistik.com\/wp-content\/uploads\/Thula_freigegebenes-Portraitfoto-221x300.jpg 221w, https:\/\/www.prologistik.com\/wp-content\/uploads\/Thula_freigegebenes-Portraitfoto-110x150.jpg 110w, https:\/\/www.prologistik.com\/wp-content\/uploads\/Thula_freigegebenes-Portraitfoto-768x1045.jpg 768w, https:\/\/www.prologistik.com\/wp-content\/uploads\/Thula_freigegebenes-Portraitfoto-1129x1536.jpg 1129w, https:\/\/www.prologistik.com\/wp-content\/uploads\/Thula_freigegebenes-Portraitfoto.jpg 1176w\" sizes=\"auto, (max-width: 753px) 100vw, 753px\" \/><\/figure>\n<\/div>\n\n\n\n<div class=\"wp-block-column is-layout-flow wp-block-column-is-layout-flow\">\n<p><strong>L&#8217;Agent de Contr\u00f4le AI<\/strong> r\u00e9pond aux questions directement dans le syst\u00e8me\u2014via chat, sans besoin de support ou de documentation. Des requ\u00eates telles que <em>\u201cCombien de commandes entrantes ouvertes ai-je actuellement ?\u201d<\/em> sont r\u00e9solues instantan\u00e9ment. L&#8217;agent fournit \u00e9galement des KPI cl\u00e9s d&#8217;entrep\u00f4t et avertit proactivement des \u00e9carts d\u00e9finis tout en fournissant des recommandations bas\u00e9es sur le contexte pour les processus logistiques. Cela permet d&#8217;\u00e9conomiser un temps consid\u00e9rable et de r\u00e9duire les co\u00fbts.<\/p>\n\n\n\n<p><strong>L&#8217;Optimiseur AI<\/strong> simule des sc\u00e9narios en utilisant un &#8220;jumeau num\u00e9rique&#8221; de l&#8217;entrep\u00f4t et \u00e9value des alternatives pour le contr\u00f4le pr\u00e9dictif des processus.<\/p>\n<\/div>\n<\/div>\n\n\n<div class=\"gb-container gb-container-3b96dfcb\">\n<div class=\"gb-container gb-container-cc6e3cf7\">\n<div class=\"gb-grid-wrapper gb-grid-wrapper-3292f1d4\">\n<div class=\"gb-grid-column gb-grid-column-e0e8cc20\"><div class=\"gb-container gb-container-e0e8cc20\">\n\n<div id=\"quotebox-block_8f1037fe37922359d8b1b1046c387b9f\" class=\"quotebox no-image  align-center\">\n    <div class=\"quotebox-inner\">\n        \n        <div class=\"quotebox-content align-center no-image\">\n                        <div class=\"quotebox-quote small-font\">\n                \u00ab Sur cette base, les emplacements de stockage sont attribu\u00e9s de mani\u00e8re optimale, les commandes regroup\u00e9es efficacement et les itin\u00e9raires des pr\u00e9parateurs g\u00e9r\u00e9s strat\u00e9giquement. Cela raccourcit consid\u00e9rablement le temps de pr\u00e9paration des commandes, automatise les flux de travail et garantit des charges de travail \u00e9quilibr\u00e9es pour les employ\u00e9s, \u00bb             <\/div>\n                                    <div class=\"quotebox-source-content\">\n                                <span class=\"quotebox-source color-blue\"> Thulackshan Mohan, <\/span>\n                <span class=\"quotebox-addition color-grey\">CTO, Groupe proLogistik<\/span>\n                                            <\/div>\n                    <\/div>\n    <\/div>\n<\/div>\n\n\n<\/div><\/div>\n<\/div>\n<\/div>\n<\/div>\n\n\n<h4 class=\"wp-block-heading\" id=\"h-plateforme-avec-des-normes-de-service-elevees\">Plateforme avec des Normes de Service \u00c9lev\u00e9es<\/h4>\n\n\n\n<p>Pour un \u00e9change de donn\u00e9es structur\u00e9 avec les clients et partenaires, proLogistik NEO inclut un hub EDI \u2014le <em>pLG <a class=\"wpil_keyword_link\" href=\"https:\/\/www.prologistik.com\/fr\/lexique-de-la-logistique\/gestion-de-la-chaine-dapprovisionnement\/\" title=\"Supply Chain\" data-wpil-keyword-link=\"linked\" data-wpil-monitor-id=\"217\">Supply Chain<\/a> Connector<\/em>. Une acad\u00e9mie de formation est \u00e9galement int\u00e9gr\u00e9e, simplifiant l&#8217;int\u00e9gration, la formation et les op\u00e9rations quotidiennes gr\u00e2ce \u00e0 des modules d&#8217;e-learning.<\/p>\n\n\n\n<p>La plateforme est h\u00e9berg\u00e9e en Allemagne (par exemple, r\u00e9gion de Francfort-sur-le-Main). proLogistik NEO est conforme au RGPD et s&#8217;aligne sur les normes BSI C5 pour la s\u00e9curit\u00e9 cloud.<\/p>\n\n\n\n<p>En plus des logiciels, le groupe proLogistik fournit \u00e9galement du mat\u00e9riel industriel (par exemple, <em>pro-V-pad<\/em> PC industriels), y compris des services\u2014pour des d\u00e9ploiements plus rapides, moins de pannes syst\u00e8me et un support unifi\u00e9.<\/p>\n\n\n\n<p><\/p>\n\n<\/div>\n\n\n<p><strong>Contact presse <\/strong><br>Pauline Berniere<\/p>\n\n\n\n<p><a href=\"mailto:pauline.berniere@prologistik.com\">pauline.berniere@prologistik.com<\/a> | +33 (0)6 77 47 13 39<br>proLogistik France | 16, rue de la Petite Sensive  |  44327 Nantes  |  France<br>www.prologistik.com\/fr<\/p>\n","protected":false},"excerpt":{"rendered":"<p>Le Groupe proLogistik pr\u00e9sente proLogistik NEO, une plateforme logistique innovante dot\u00e9e de solutions aliment\u00e9es par l&#8217;IA et des agents intelligents qui aident les entreprises \u00e0 prendre des d\u00e9cisions plus rapides et plus fiables. Cela permet de minimiser les risques, de pr\u00e9venir les perturbations et d&#8217;am\u00e9liorer durablement la rentabilit\u00e9.<\/p>\n","protected":false},"author":92,"featured_media":53144,"comment_status":"closed","ping_status":"closed","sticky":false,"template":"","format":"standard","meta":{"_acf_changed":false,"footnotes":""},"categories":[287,136,321],"tags":[497,496,494,495],"class_list":["post-53127","post","type-post","status-publish","format-standard","has-post-thumbnail","hentry","category-actualites-fr","category-news","category-produits","tag-plateforme-logistique","tag-prologistik-france","tag-prologistik-group-3","tag-prologistik-neo-3"],"acf":[],"yoast_head":"<!-- This site is optimized with the Yoast SEO Premium plugin v26.9 (Yoast SEO v27.5) - https:\/\/yoast.com\/product\/yoast-seo-premium-wordpress\/ -->\n<title>\ufe0fLancement de proLogistik NEO par le Groupe proLogistik<\/title>\n<meta name=\"description\" content=\"\u2705 Le Groupe proLogistik pr\u00e9sente proLogistik NEO, une plateforme logistique innovante dot\u00e9e de solutions aliment\u00e9es par l&#039;IA et des agents intelligents.\" \/>\n<meta name=\"robots\" content=\"index, follow, max-snippet:-1, max-image-preview:large, max-video-preview:-1\" \/>\n<link rel=\"canonical\" href=\"https:\/\/www.prologistik.com\/fr\/lancement-de-prologistik-neo-par-le-groupe-prologistik\/\" \/>\n<meta property=\"og:locale\" content=\"fr_FR\" \/>\n<meta property=\"og:type\" content=\"article\" \/>\n<meta property=\"og:title\" content=\"\ud83c\udf0d\ufe0fLancement de proLogistik NEO par le Groupe proLogistik\" \/>\n<meta property=\"og:description\" content=\"Le Groupe proLogistik pr\u00e9sente proLogistik NEO, une plateforme logistique innovante dot\u00e9e de solutions aliment\u00e9es par l&#039;IA et des agents intelligents qui aident les entreprises \u00e0 prendre des d\u00e9cisions plus rapides et plus fiables.\" \/>\n<meta property=\"og:url\" content=\"https:\/\/www.prologistik.com\/fr\/lancement-de-prologistik-neo-par-le-groupe-prologistik\/\" \/>\n<meta property=\"og:site_name\" content=\"proLogistik Group\" \/>\n<meta property=\"article:published_time\" content=\"2025-09-17T06:17:49+00:00\" \/>\n<meta property=\"article:modified_time\" content=\"2026-04-21T14:50:28+00:00\" \/>\n<meta property=\"og:image\" content=\"https:\/\/www.prologistik.com\/wp-content\/uploads\/plg-neo_WEBSITE_920x550-120925-og-1.png\" \/>\n\t<meta property=\"og:image:width\" content=\"920\" \/>\n\t<meta property=\"og:image:height\" content=\"550\" \/>\n\t<meta property=\"og:image:type\" content=\"image\/png\" \/>\n<meta name=\"author\" content=\"Stefanie B\u00f6rtz\" \/>\n<meta name=\"twitter:card\" content=\"summary_large_image\" \/>\n<meta name=\"twitter:title\" content=\"Lancement de proLogistik NEO par le Groupe proLogistik\" \/>\n<meta name=\"twitter:label1\" content=\"\u00c9crit par\" \/>\n\t<meta name=\"twitter:data1\" content=\"Stefanie B\u00f6rtz\" \/>\n\t<meta name=\"twitter:label2\" content=\"Dur\u00e9e de lecture estim\u00e9e\" \/>\n\t<meta name=\"twitter:data2\" content=\"4 minutes\" \/>\n<script type=\"application\/ld+json\" class=\"yoast-schema-graph\">{\"@context\":\"https:\\\/\\\/schema.org\",\"@graph\":[{\"@type\":\"Article\",\"@id\":\"https:\\\/\\\/www.prologistik.com\\\/fr\\\/lancement-de-prologistik-neo-par-le-groupe-prologistik\\\/#article\",\"isPartOf\":{\"@id\":\"https:\\\/\\\/www.prologistik.com\\\/fr\\\/lancement-de-prologistik-neo-par-le-groupe-prologistik\\\/\"},\"author\":{\"name\":\"Stefanie B\u00f6rtz\",\"@id\":\"https:\\\/\\\/www.prologistik.com\\\/fr\\\/#\\\/schema\\\/person\\\/07058186ccba524ef9fc3329eb7a6926\"},\"headline\":\"Lancement de proLogistik NEO par le Groupe proLogistik\",\"datePublished\":\"2025-09-17T06:17:49+00:00\",\"dateModified\":\"2026-04-21T14:50:28+00:00\",\"mainEntityOfPage\":{\"@id\":\"https:\\\/\\\/www.prologistik.com\\\/fr\\\/lancement-de-prologistik-neo-par-le-groupe-prologistik\\\/\"},\"wordCount\":804,\"publisher\":{\"@id\":\"https:\\\/\\\/www.prologistik.com\\\/fr\\\/#organization\"},\"image\":{\"@id\":\"https:\\\/\\\/www.prologistik.com\\\/fr\\\/lancement-de-prologistik-neo-par-le-groupe-prologistik\\\/#primaryimage\"},\"thumbnailUrl\":\"https:\\\/\\\/www.prologistik.com\\\/wp-content\\\/uploads\\\/plg-neo_WEBSITE_920x550-120925-og-1.png\",\"keywords\":[\"plateforme logistique\",\"proLogistik France\",\"proLogistik Group\",\"proLogistik NEO\"],\"articleSection\":[\"Actualit\u00e9s\",\"News\",\"Produits\"],\"inLanguage\":\"fr-FR\"},{\"@type\":\"WebPage\",\"@id\":\"https:\\\/\\\/www.prologistik.com\\\/fr\\\/lancement-de-prologistik-neo-par-le-groupe-prologistik\\\/\",\"url\":\"https:\\\/\\\/www.prologistik.com\\\/fr\\\/lancement-de-prologistik-neo-par-le-groupe-prologistik\\\/\",\"name\":\"\ufe0fLancement de proLogistik NEO par le Groupe proLogistik\",\"isPartOf\":{\"@id\":\"https:\\\/\\\/www.prologistik.com\\\/fr\\\/#website\"},\"primaryImageOfPage\":{\"@id\":\"https:\\\/\\\/www.prologistik.com\\\/fr\\\/lancement-de-prologistik-neo-par-le-groupe-prologistik\\\/#primaryimage\"},\"image\":{\"@id\":\"https:\\\/\\\/www.prologistik.com\\\/fr\\\/lancement-de-prologistik-neo-par-le-groupe-prologistik\\\/#primaryimage\"},\"thumbnailUrl\":\"https:\\\/\\\/www.prologistik.com\\\/wp-content\\\/uploads\\\/plg-neo_WEBSITE_920x550-120925-og-1.png\",\"datePublished\":\"2025-09-17T06:17:49+00:00\",\"dateModified\":\"2026-04-21T14:50:28+00:00\",\"description\":\"\u2705 Le Groupe proLogistik pr\u00e9sente proLogistik NEO, une plateforme logistique innovante dot\u00e9e de solutions aliment\u00e9es par l'IA et des agents intelligents.\",\"breadcrumb\":{\"@id\":\"https:\\\/\\\/www.prologistik.com\\\/fr\\\/lancement-de-prologistik-neo-par-le-groupe-prologistik\\\/#breadcrumb\"},\"inLanguage\":\"fr-FR\",\"potentialAction\":[{\"@type\":\"ReadAction\",\"target\":[\"https:\\\/\\\/www.prologistik.com\\\/fr\\\/lancement-de-prologistik-neo-par-le-groupe-prologistik\\\/\"]}]},{\"@type\":\"ImageObject\",\"inLanguage\":\"fr-FR\",\"@id\":\"https:\\\/\\\/www.prologistik.com\\\/fr\\\/lancement-de-prologistik-neo-par-le-groupe-prologistik\\\/#primaryimage\",\"url\":\"https:\\\/\\\/www.prologistik.com\\\/wp-content\\\/uploads\\\/plg-neo_WEBSITE_920x550-120925-og-1.png\",\"contentUrl\":\"https:\\\/\\\/www.prologistik.com\\\/wp-content\\\/uploads\\\/plg-neo_WEBSITE_920x550-120925-og-1.png\",\"width\":920,\"height\":550,\"caption\":\"Die proLogistik Group pr\u00e4sentiert mit proLogistik NEO eine innovative Logistik-Plattform.\"},{\"@type\":\"BreadcrumbList\",\"@id\":\"https:\\\/\\\/www.prologistik.com\\\/fr\\\/lancement-de-prologistik-neo-par-le-groupe-prologistik\\\/#breadcrumb\",\"itemListElement\":[{\"@type\":\"ListItem\",\"position\":1,\"name\":\"Startseite\",\"item\":\"https:\\\/\\\/www.prologistik.com\\\/fr\\\/\"},{\"@type\":\"ListItem\",\"position\":2,\"name\":\"Lancement de proLogistik NEO par le Groupe proLogistik\"}]},{\"@type\":\"WebSite\",\"@id\":\"https:\\\/\\\/www.prologistik.com\\\/fr\\\/#website\",\"url\":\"https:\\\/\\\/www.prologistik.com\\\/fr\\\/\",\"name\":\"proLogistik Group\",\"description\":\"Software und Hardware f\u00fcr die Intralogistik\",\"publisher\":{\"@id\":\"https:\\\/\\\/www.prologistik.com\\\/fr\\\/#organization\"},\"potentialAction\":[{\"@type\":\"SearchAction\",\"target\":{\"@type\":\"EntryPoint\",\"urlTemplate\":\"https:\\\/\\\/www.prologistik.com\\\/fr\\\/?s={search_term_string}\"},\"query-input\":{\"@type\":\"PropertyValueSpecification\",\"valueRequired\":true,\"valueName\":\"search_term_string\"}}],\"inLanguage\":\"fr-FR\"},{\"@type\":\"Organization\",\"@id\":\"https:\\\/\\\/www.prologistik.com\\\/fr\\\/#organization\",\"name\":\"proLogistik Group\",\"url\":\"https:\\\/\\\/www.prologistik.com\\\/fr\\\/\",\"logo\":{\"@type\":\"ImageObject\",\"inLanguage\":\"fr-FR\",\"@id\":\"https:\\\/\\\/www.prologistik.com\\\/fr\\\/#\\\/schema\\\/logo\\\/image\\\/\",\"url\":\"https:\\\/\\\/www.prologistik.com\\\/wp-content\\\/uploads\\\/prologistik-logo-web.svg\",\"contentUrl\":\"https:\\\/\\\/www.prologistik.com\\\/wp-content\\\/uploads\\\/prologistik-logo-web.svg\",\"width\":320,\"height\":59,\"caption\":\"proLogistik Group\"},\"image\":{\"@id\":\"https:\\\/\\\/www.prologistik.com\\\/fr\\\/#\\\/schema\\\/logo\\\/image\\\/\"}},{\"@type\":\"Person\",\"@id\":\"https:\\\/\\\/www.prologistik.com\\\/fr\\\/#\\\/schema\\\/person\\\/07058186ccba524ef9fc3329eb7a6926\",\"name\":\"Stefanie B\u00f6rtz\",\"image\":{\"@type\":\"ImageObject\",\"inLanguage\":\"fr-FR\",\"@id\":\"https:\\\/\\\/secure.gravatar.com\\\/avatar\\\/574c23ad694f486249ba8c3fdb6fade76ab341c9247a12099938d7b60ffede64?s=96&d=mm&r=g\",\"url\":\"https:\\\/\\\/secure.gravatar.com\\\/avatar\\\/574c23ad694f486249ba8c3fdb6fade76ab341c9247a12099938d7b60ffede64?s=96&d=mm&r=g\",\"contentUrl\":\"https:\\\/\\\/secure.gravatar.com\\\/avatar\\\/574c23ad694f486249ba8c3fdb6fade76ab341c9247a12099938d7b60ffede64?s=96&d=mm&r=g\",\"caption\":\"Stefanie B\u00f6rtz\"},\"url\":\"https:\\\/\\\/www.prologistik.com\\\/fr\\\/author\\\/pl-stbo\\\/\"}]}<\/script>\n<!-- \/ Yoast SEO Premium plugin. -->","yoast_head_json":{"title":"\ufe0fLancement de proLogistik NEO par le Groupe proLogistik","description":"\u2705 Le Groupe proLogistik pr\u00e9sente proLogistik NEO, une plateforme logistique innovante dot\u00e9e de solutions aliment\u00e9es par l'IA et des agents intelligents.","robots":{"index":"index","follow":"follow","max-snippet":"max-snippet:-1","max-image-preview":"max-image-preview:large","max-video-preview":"max-video-preview:-1"},"canonical":"https:\/\/www.prologistik.com\/fr\/lancement-de-prologistik-neo-par-le-groupe-prologistik\/","og_locale":"fr_FR","og_type":"article","og_title":"\ud83c\udf0d\ufe0fLancement de proLogistik NEO par le Groupe proLogistik","og_description":"Le Groupe proLogistik pr\u00e9sente proLogistik NEO, une plateforme logistique innovante dot\u00e9e de solutions aliment\u00e9es par l'IA et des agents intelligents qui aident les entreprises \u00e0 prendre des d\u00e9cisions plus rapides et plus fiables.","og_url":"https:\/\/www.prologistik.com\/fr\/lancement-de-prologistik-neo-par-le-groupe-prologistik\/","og_site_name":"proLogistik Group","article_published_time":"2025-09-17T06:17:49+00:00","article_modified_time":"2026-04-21T14:50:28+00:00","og_image":[{"width":920,"height":550,"url":"https:\/\/www.prologistik.com\/wp-content\/uploads\/plg-neo_WEBSITE_920x550-120925-og-1.png","type":"image\/png"}],"author":"Stefanie B\u00f6rtz","twitter_card":"summary_large_image","twitter_title":"Lancement de proLogistik NEO par le Groupe proLogistik","twitter_misc":{"\u00c9crit par":"Stefanie B\u00f6rtz","Dur\u00e9e de lecture estim\u00e9e":"4 minutes"},"schema":{"@context":"https:\/\/schema.org","@graph":[{"@type":"Article","@id":"https:\/\/www.prologistik.com\/fr\/lancement-de-prologistik-neo-par-le-groupe-prologistik\/#article","isPartOf":{"@id":"https:\/\/www.prologistik.com\/fr\/lancement-de-prologistik-neo-par-le-groupe-prologistik\/"},"author":{"name":"Stefanie B\u00f6rtz","@id":"https:\/\/www.prologistik.com\/fr\/#\/schema\/person\/07058186ccba524ef9fc3329eb7a6926"},"headline":"Lancement de proLogistik NEO par le Groupe proLogistik","datePublished":"2025-09-17T06:17:49+00:00","dateModified":"2026-04-21T14:50:28+00:00","mainEntityOfPage":{"@id":"https:\/\/www.prologistik.com\/fr\/lancement-de-prologistik-neo-par-le-groupe-prologistik\/"},"wordCount":804,"publisher":{"@id":"https:\/\/www.prologistik.com\/fr\/#organization"},"image":{"@id":"https:\/\/www.prologistik.com\/fr\/lancement-de-prologistik-neo-par-le-groupe-prologistik\/#primaryimage"},"thumbnailUrl":"https:\/\/www.prologistik.com\/wp-content\/uploads\/plg-neo_WEBSITE_920x550-120925-og-1.png","keywords":["plateforme logistique","proLogistik France","proLogistik Group","proLogistik NEO"],"articleSection":["Actualit\u00e9s","News","Produits"],"inLanguage":"fr-FR"},{"@type":"WebPage","@id":"https:\/\/www.prologistik.com\/fr\/lancement-de-prologistik-neo-par-le-groupe-prologistik\/","url":"https:\/\/www.prologistik.com\/fr\/lancement-de-prologistik-neo-par-le-groupe-prologistik\/","name":"\ufe0fLancement de proLogistik NEO par le Groupe proLogistik","isPartOf":{"@id":"https:\/\/www.prologistik.com\/fr\/#website"},"primaryImageOfPage":{"@id":"https:\/\/www.prologistik.com\/fr\/lancement-de-prologistik-neo-par-le-groupe-prologistik\/#primaryimage"},"image":{"@id":"https:\/\/www.prologistik.com\/fr\/lancement-de-prologistik-neo-par-le-groupe-prologistik\/#primaryimage"},"thumbnailUrl":"https:\/\/www.prologistik.com\/wp-content\/uploads\/plg-neo_WEBSITE_920x550-120925-og-1.png","datePublished":"2025-09-17T06:17:49+00:00","dateModified":"2026-04-21T14:50:28+00:00","description":"\u2705 Le Groupe proLogistik pr\u00e9sente proLogistik NEO, une plateforme logistique innovante dot\u00e9e de solutions aliment\u00e9es par l'IA et des agents intelligents.","breadcrumb":{"@id":"https:\/\/www.prologistik.com\/fr\/lancement-de-prologistik-neo-par-le-groupe-prologistik\/#breadcrumb"},"inLanguage":"fr-FR","potentialAction":[{"@type":"ReadAction","target":["https:\/\/www.prologistik.com\/fr\/lancement-de-prologistik-neo-par-le-groupe-prologistik\/"]}]},{"@type":"ImageObject","inLanguage":"fr-FR","@id":"https:\/\/www.prologistik.com\/fr\/lancement-de-prologistik-neo-par-le-groupe-prologistik\/#primaryimage","url":"https:\/\/www.prologistik.com\/wp-content\/uploads\/plg-neo_WEBSITE_920x550-120925-og-1.png","contentUrl":"https:\/\/www.prologistik.com\/wp-content\/uploads\/plg-neo_WEBSITE_920x550-120925-og-1.png","width":920,"height":550,"caption":"Die proLogistik Group pr\u00e4sentiert mit proLogistik NEO eine innovative Logistik-Plattform."},{"@type":"BreadcrumbList","@id":"https:\/\/www.prologistik.com\/fr\/lancement-de-prologistik-neo-par-le-groupe-prologistik\/#breadcrumb","itemListElement":[{"@type":"ListItem","position":1,"name":"Startseite","item":"https:\/\/www.prologistik.com\/fr\/"},{"@type":"ListItem","position":2,"name":"Lancement de proLogistik NEO par le Groupe proLogistik"}]},{"@type":"WebSite","@id":"https:\/\/www.prologistik.com\/fr\/#website","url":"https:\/\/www.prologistik.com\/fr\/","name":"proLogistik Group","description":"Software und Hardware f\u00fcr die Intralogistik","publisher":{"@id":"https:\/\/www.prologistik.com\/fr\/#organization"},"potentialAction":[{"@type":"SearchAction","target":{"@type":"EntryPoint","urlTemplate":"https:\/\/www.prologistik.com\/fr\/?s={search_term_string}"},"query-input":{"@type":"PropertyValueSpecification","valueRequired":true,"valueName":"search_term_string"}}],"inLanguage":"fr-FR"},{"@type":"Organization","@id":"https:\/\/www.prologistik.com\/fr\/#organization","name":"proLogistik Group","url":"https:\/\/www.prologistik.com\/fr\/","logo":{"@type":"ImageObject","inLanguage":"fr-FR","@id":"https:\/\/www.prologistik.com\/fr\/#\/schema\/logo\/image\/","url":"https:\/\/www.prologistik.com\/wp-content\/uploads\/prologistik-logo-web.svg","contentUrl":"https:\/\/www.prologistik.com\/wp-content\/uploads\/prologistik-logo-web.svg","width":320,"height":59,"caption":"proLogistik Group"},"image":{"@id":"https:\/\/www.prologistik.com\/fr\/#\/schema\/logo\/image\/"}},{"@type":"Person","@id":"https:\/\/www.prologistik.com\/fr\/#\/schema\/person\/07058186ccba524ef9fc3329eb7a6926","name":"Stefanie B\u00f6rtz","image":{"@type":"ImageObject","inLanguage":"fr-FR","@id":"https:\/\/secure.gravatar.com\/avatar\/574c23ad694f486249ba8c3fdb6fade76ab341c9247a12099938d7b60ffede64?s=96&d=mm&r=g","url":"https:\/\/secure.gravatar.com\/avatar\/574c23ad694f486249ba8c3fdb6fade76ab341c9247a12099938d7b60ffede64?s=96&d=mm&r=g","contentUrl":"https:\/\/secure.gravatar.com\/avatar\/574c23ad694f486249ba8c3fdb6fade76ab341c9247a12099938d7b60ffede64?s=96&d=mm&r=g","caption":"Stefanie B\u00f6rtz"},"url":"https:\/\/www.prologistik.com\/fr\/author\/pl-stbo\/"}]}},"_links":{"self":[{"href":"https:\/\/www.prologistik.com\/fr\/wp-json\/wp\/v2\/posts\/53127","targetHints":{"allow":["GET"]}}],"collection":[{"href":"https:\/\/www.prologistik.com\/fr\/wp-json\/wp\/v2\/posts"}],"about":[{"href":"https:\/\/www.prologistik.com\/fr\/wp-json\/wp\/v2\/types\/post"}],"author":[{"embeddable":true,"href":"https:\/\/www.prologistik.com\/fr\/wp-json\/wp\/v2\/users\/92"}],"replies":[{"embeddable":true,"href":"https:\/\/www.prologistik.com\/fr\/wp-json\/wp\/v2\/comments?post=53127"}],"version-history":[{"count":6,"href":"https:\/\/www.prologistik.com\/fr\/wp-json\/wp\/v2\/posts\/53127\/revisions"}],"predecessor-version":[{"id":58119,"href":"https:\/\/www.prologistik.com\/fr\/wp-json\/wp\/v2\/posts\/53127\/revisions\/58119"}],"wp:featuredmedia":[{"embeddable":true,"href":"https:\/\/www.prologistik.com\/fr\/wp-json\/wp\/v2\/media\/53144"}],"wp:attachment":[{"href":"https:\/\/www.prologistik.com\/fr\/wp-json\/wp\/v2\/media?parent=53127"}],"wp:term":[{"taxonomy":"category","embeddable":true,"href":"https:\/\/www.prologistik.com\/fr\/wp-json\/wp\/v2\/categories?post=53127"},{"taxonomy":"post_tag","embeddable":true,"href":"https:\/\/www.prologistik.com\/fr\/wp-json\/wp\/v2\/tags?post=53127"}],"curies":[{"name":"wp","href":"https:\/\/api.w.org\/{rel}","templated":true}]}}