{"id":48953,"date":"2025-06-04T09:46:27","date_gmt":"2025-06-04T07:46:27","guid":{"rendered":"https:\/\/www.prologistik.com\/?p=48953"},"modified":"2025-11-20T09:41:29","modified_gmt":"2025-11-20T08:41:29","slug":"lediteur-prologistik-fournit-a-kuhnenagel-la-solution-de-gestion-dentrepot-et-de-supply-chain-dorange","status":"publish","type":"post","link":"https:\/\/www.prologistik.com\/fr\/lediteur-prologistik-fournit-a-kuhnenagel-la-solution-de-gestion-dentrepot-et-de-supply-chain-dorange\/","title":{"rendered":"L\u2019\u00e9diteur proLogistik fournit \u00e0 Kuhne+Nagel la solution de gestion d\u2019entrep\u00f4t et de supply chain d\u2019Orange"},"content":{"rendered":"\n<p><strong>4 juin 2025 &#8211; Alors que le renouvellement de son partenariat avec Orange a \u00e9t\u00e9 annonc\u00e9 par Kuehne+Nagel pour la p\u00e9riode 2026-2029, proLogistik, \u00e9diteur du logiciel de gestion d\u2019entrep\u00f4t Logistar, est fier de s\u2019associer \u00e0 ce succ\u00e8s et r\u00e9affirme son engagement aux c\u00f4t\u00e9s de son client logisticien. L\u2019occasion d\u2019un focus sur les fonctions de pilotage du logiciel m\u00e9tier Logistar, qui orchestre toute la logistique, au-del\u00e0 des murs de l\u2019entrep\u00f4t.<\/strong><\/p>\n\n\n\n<h4 class=\"wp-block-heading\" id=\"h-une-collaboration-historique\">Une collaboration historique<\/h4>\n\n\n\n<p>L\u2019impl\u00e9mentation de Logistar, le WMS (Warehouse Management System) de la soci\u00e9t\u00e9 proLogistik (ex-DSIA)estdestin\u00e9 \u00e0 orchestrer les op\u00e9rations logistiques li\u00e9es \u00e0 l\u2019activit\u00e9 e-commerce et \u00e0 l\u2019approvisionnement des points de vente pour la marque Orange. Elle a \u00e9t\u00e9 initi\u00e9e d\u00e8s 2002. Depuis lors, la solution logicielle et les \u00e9quipes de support localis\u00e9es en France de proLogistik, assurent un accompagnement op\u00e9rationnel quotidien.<\/p>\n\n\n\n<h4 class=\"wp-block-heading\" id=\"h-de-la-reception-fournisseur-jusqu-a-la-livraison-client-logistar-guide-chaque-etape\">De la r\u00e9ception fournisseur jusqu\u2019\u00e0 la livraison client, Logistar guide chaque \u00e9tape<\/h4>\n\n\n\n<p>La solution prend en charge l\u2019ensemble des processus logistiques strat\u00e9giques : gestion des r\u00e9ceptions multi-fournisseurs, optimisation du slotting pour le rangement dynamique des r\u00e9f\u00e9rences, pilotage des flux en entrep\u00f4t, pr\u00e9paration des commandes via des m\u00e9thodes de picking, et orchestration des exp\u00e9ditions en B2B comme en B2C.<\/p>\n\n\n\n<p>La tra\u00e7abilit\u00e9 temps r\u00e9el, coupl\u00e9e \u00e0 l\u2019ordonnancement intelligent des t\u00e2ches, garantit une performance optimale du site logistique.<\/p>\n\n\n\n<div class=\"wp-block-columns is-layout-flex wp-container-core-columns-is-layout-9d6595d7 wp-block-columns-is-layout-flex\">\n<div class=\"wp-block-column is-layout-flow wp-block-column-is-layout-flow\">\n<figure class=\"wp-block-image size-full\"><img loading=\"lazy\" decoding=\"async\" width=\"550\" height=\"550\" src=\"https:\/\/www.prologistik.com\/wp-content\/uploads\/Grafik_Logistar-1.png\" alt=\"\" class=\"wp-image-49348\" srcset=\"https:\/\/www.prologistik.com\/wp-content\/uploads\/Grafik_Logistar-1.png 550w, https:\/\/www.prologistik.com\/wp-content\/uploads\/Grafik_Logistar-1-300x300.png 300w, https:\/\/www.prologistik.com\/wp-content\/uploads\/Grafik_Logistar-1-150x150.png 150w, https:\/\/www.prologistik.com\/wp-content\/uploads\/Grafik_Logistar-1-480x480.png 480w\" sizes=\"auto, (max-width: 550px) 100vw, 550px\" \/><\/figure>\n<\/div>\n\n\n\n<div class=\"wp-block-column is-layout-flow wp-block-column-is-layout-flow\">\n<p>\u00ab\u00a0Le WMS Logistar est une solution robuste et \u00e9volutive qui a su s&#8217;adapter depuis plus de 20 ans aux sp\u00e9cificit\u00e9s d&#8217;Orange. En effet, cette solution a contribu\u00e9 \u00e0 r\u00e9pondre \u00e0 nos objectifs de tra\u00e7abilit\u00e9, d&#8217;optimisation de nos capacit\u00e9s de production et d&#8217;adaptabilit\u00e9 contenant \/ contenu. Par ailleurs, les \u00e9quipes techniques de proLogistik sont une plus-value pour Orange. De fait, leurs expertises combin\u00e9es \u00e0 l&#8217;\u00e9coute de nos besoins exprim\u00e9s, permettent de d\u00e9finir collectivement des solutions en ad\u00e9quation avec nos enjeux commerciaux, IT ou techniques\u00a0\u00bb, pour Lionel Benezech, Directeur <a class=\"wpil_keyword_link\" href=\"https:\/\/www.prologistik.com\/fr\/lexique-de-la-logistique\/gestion-de-la-chaine-dapprovisionnement\/\" title=\"Supply Chain\" data-wpil-keyword-link=\"linked\" data-wpil-monitor-id=\"220\">Supply Chain<\/a> France, Orange\/OF\/Op\u00e9rations\/SCF.<\/p>\n<\/div>\n<\/div>\n\n\n\n<h4 class=\"wp-block-heading\" id=\"h-un-logiciel-unique-pour-les-operations-et-le-pilotage\">Un logiciel unique pour les op\u00e9rations et le pilotage<\/h4>\n\n\n\n<p>Le WMS est interfac\u00e9 en temps r\u00e9el, via API et \u00e9changes EDI normalis\u00e9s, avec le syst\u00e8me d\u2019information d\u2019Orange, garantissant une synchronisation des donn\u00e9es de commande, de stock et de livraison. Il est \u00e9galement connect\u00e9 aux syst\u00e8mes de m\u00e9canisation automatis\u00e9e mis en place par CIUCH, d\u00e9di\u00e9s au traitement des r\u00e9f\u00e9rences \u00e0 forte rotation. Ces \u00e9quipements assurent le colisage m\u00e9canis\u00e9 des commandes e-commerce, ainsi que la pr\u00e9paration semi-automatis\u00e9e des commandes \u00e0 destination des agences commerciales et des distributeurs sp\u00e9cialis\u00e9s.<\/p>\n\n\n\n<p>En aval, le WMS communique directement avec les TMS des transporteurs partenaires, permettant l\u2019\u00e9dition automatique des \u00e9tiquettes, la r\u00e9servation des tourn\u00e9es, la g\u00e9n\u00e9ration des manifestes et le suivi des colis jusqu\u2019\u00e0 la livraison finale.<\/p>\n\n\n\n<p>Le WMS Logistar est d\u00e9velopp\u00e9 pour s\u2019adapter aux diff\u00e9rents processus m\u00e9tier de ses clients. Il est accessible sur l\u2019ensemble des postes de travail \u2014 fixes ou mobiles. Il permet aux op\u00e9rateurs de g\u00e9rer en temps r\u00e9el les op\u00e9rations de r\u00e9ception, de mise en stock, de pr\u00e9paration de commandes, de colisage et d\u2019exp\u00e9dition.<\/p>\n\n\n\n<p>Pour les fonctions d\u2019encadrement, Logistar fournit des tableaux de bord interactifs, des indicateurs de performance (KPI), ainsi que des ratios de productivit\u00e9 et de qualit\u00e9, permettant un pilotage fin de l\u2019activit\u00e9 et une r\u00e9activit\u00e9 accrue en cas d\u2019al\u00e9as logistiques.<\/p>\n\n\n\n<p>L\u2019interface utilisateur est enti\u00e8rement param\u00e9tr\u00e9e en fonction des profils m\u00e9tier (cariste, pr\u00e9parateur, superviseur, responsable d\u2019exploitation), assurant un acc\u00e8s cibl\u00e9 aux fonctionnalit\u00e9s et une ergonomie adapt\u00e9e.<\/p>\n\n\n\n<div class=\"wp-block-columns is-layout-flex wp-container-core-columns-is-layout-9d6595d7 wp-block-columns-is-layout-flex\">\n<div class=\"wp-block-column is-layout-flow wp-block-column-is-layout-flow\">\n<p>Jean-Michel Guillet, Directeur du site logistique Kuehne+Nagel d\u2019Orange, r\u00e9sume&nbsp;pour sa part : \u00ab&nbsp;<em>proLogistik fournit la solution Logistar, un syst\u00e8me de gestion d&#8217;entrep\u00f4t (WMS) qui pilote l\u2019ensemble des op\u00e9rations logistiques sur la plateforme de Kuehne+Nagel d\u00e9di\u00e9e \u00e0 Orange. Cette solution couvre toutes les \u00e9tapes cl\u00e9s : r\u00e9ception, gestion des stocks, pr\u00e9paration et exp\u00e9dition des commandes.<strong> <\/strong>Logistar assure une tra\u00e7abilit\u00e9 compl\u00e8te des flux logistiques et est pleinement interfac\u00e9 avec les outils d\u2019Orange via EDI, ainsi qu\u2019avec le WCS qui pilote la m\u00e9canisation pr\u00e9sente sur le site.<\/em>&nbsp;\u00bb<\/p>\n<\/div>\n\n\n\n<div class=\"wp-block-column is-layout-flow wp-block-column-is-layout-flow\">\n<figure class=\"wp-block-image size-large is-resized\"><img loading=\"lazy\" decoding=\"async\" width=\"886\" height=\"1024\" src=\"https:\/\/www.prologistik.com\/wp-content\/uploads\/IMG_0344-Jean-Michel-Guillet-Directeur-du-site-logistique-KuehneNagel-dOrange-886x1024.jpg\" alt=\"\" class=\"wp-image-48956\" style=\"width:328px;height:auto\" srcset=\"https:\/\/www.prologistik.com\/wp-content\/uploads\/IMG_0344-Jean-Michel-Guillet-Directeur-du-site-logistique-KuehneNagel-dOrange-886x1024.jpg 886w, https:\/\/www.prologistik.com\/wp-content\/uploads\/IMG_0344-Jean-Michel-Guillet-Directeur-du-site-logistique-KuehneNagel-dOrange-260x300.jpg 260w, https:\/\/www.prologistik.com\/wp-content\/uploads\/IMG_0344-Jean-Michel-Guillet-Directeur-du-site-logistique-KuehneNagel-dOrange-130x150.jpg 130w, https:\/\/www.prologistik.com\/wp-content\/uploads\/IMG_0344-Jean-Michel-Guillet-Directeur-du-site-logistique-KuehneNagel-dOrange-768x887.jpg 768w, https:\/\/www.prologistik.com\/wp-content\/uploads\/IMG_0344-Jean-Michel-Guillet-Directeur-du-site-logistique-KuehneNagel-dOrange-1329x1536.jpg 1329w, https:\/\/www.prologistik.com\/wp-content\/uploads\/IMG_0344-Jean-Michel-Guillet-Directeur-du-site-logistique-KuehneNagel-dOrange.jpg 1768w\" sizes=\"auto, (max-width: 886px) 100vw, 886px\" \/><\/figure>\n<\/div>\n<\/div>\n\n\n\n<h4 class=\"wp-block-heading\" id=\"h-le-wms-intelligent-quand-la-data-predit-la-performance\">Le WMS intelligent : quand la data pr\u00e9dit la performance<\/h4>\n\n\n\n<p>Le logiciel WMS se distingue par sa flexibilit\u00e9 et sa capacit\u00e9 \u00e0 accompagner l\u2019\u00e9volution constante de l\u2019entrep\u00f4t depuis la prise en charge, par Kuehne+Nagel, de la logistique e-commerce des produits Orange. Il s\u2019adapte aux transformations des processus logistiques et \u00e0 la diversification des flux, tout en garantissant un haut niveau de performance op\u00e9rationnelle.<\/p>\n\n\n\n<div class=\"wp-block-columns is-layout-flex wp-container-core-columns-is-layout-9d6595d7 wp-block-columns-is-layout-flex\">\n<div class=\"wp-block-column is-layout-flow wp-block-column-is-layout-flow\" style=\"flex-basis:33.33%\">\n<figure class=\"wp-block-image size-large is-resized\"><img loading=\"lazy\" decoding=\"async\" width=\"905\" height=\"1024\" alt=\"Patrick Claquin, Directeur projets chez proLogistik.\" src=\"https:\/\/www.prologistik.com\/wp-content\/uploads\/Patrick-Claquin_2025_2-905x1024.jpg\" alt=\"Patrick Claquin, Directeur projets chez proLogistik.\" class=\"wp-image-49135\" style=\"width:272px;height:auto\" srcset=\"https:\/\/www.prologistik.com\/wp-content\/uploads\/Patrick-Claquin_2025_2-905x1024.jpg 905w, https:\/\/www.prologistik.com\/wp-content\/uploads\/Patrick-Claquin_2025_2-265x300.jpg 265w, https:\/\/www.prologistik.com\/wp-content\/uploads\/Patrick-Claquin_2025_2-133x150.jpg 133w, https:\/\/www.prologistik.com\/wp-content\/uploads\/Patrick-Claquin_2025_2-768x869.jpg 768w, https:\/\/www.prologistik.com\/wp-content\/uploads\/Patrick-Claquin_2025_2-1358x1536.jpg 1358w, https:\/\/www.prologistik.com\/wp-content\/uploads\/Patrick-Claquin_2025_2-1811x2048.jpg 1811w\" sizes=\"auto, (max-width: 905px) 100vw, 905px\" \/><\/figure>\n<\/div>\n\n\n\n<div class=\"wp-block-column is-layout-flow wp-block-column-is-layout-flow\" style=\"flex-basis:66.66%\">\n<p>\u00ab&nbsp;<em>Les solutions apport\u00e9es r\u00e9pondent \u00e0 la personnalisation croissante des commandes et \u00e0 la pression exerc\u00e9e sur les flux logistiques par le d\u00e9veloppement du e-commerce. Une d\u00e9marche de consulting op\u00e9rationnel est \u00e0 l\u2019\u0153uvre en permanence. Elle est fond\u00e9e sur une analyse crois\u00e9e du service vendu, des processus et du syst\u00e8me d\u2019information. Cette approche permet d\u2019identifier des opportunit\u00e9s de services compl\u00e9mentaires et de concevoir des solutions logicielles adapt\u00e9es<\/em>&nbsp;\u00bb, confirme Patrick Claquin, Directeur projets chez proLogistik.<\/p>\n<\/div>\n<\/div>\n\n\n\n<p>Con\u00e7ue pour \u00e9voluer en permanence, la solution int\u00e8grera prochainement des modules d\u2019intelligence artificielle. L\u2019IA viendra renforcer la capacit\u00e9 pr\u00e9dictive du WMS, notamment sur le slotting dynamique : il s\u2019agira d\u2019anticiper l\u2019affectation optimale des produits \u00e0 leur arriv\u00e9e, en fonction des pr\u00e9visions de sortie, afin d\u2019optimiser les parcours op\u00e9rateurs, r\u00e9duire les temps de picking et maximiser la productivit\u00e9 globale de l\u2019entrep\u00f4t.<\/p>\n\n\n\n<p><strong>Contact presse <\/strong><br>Pauline Berniere<\/p>\n\n\n\n<p><a href=\"mailto:pauline.berniere@prologistik.com\">pauline.berniere@prologistik.com<\/a> | +33 (0)6 77 47 13 39<br>proLogistik France | 16, rue de la Petite Sensive | 44327 Nantes | France<br>www.prologistik.com\/fr<\/p>\n","protected":false},"excerpt":{"rendered":"<p>L\u2019\u00e9diteur proLogistik fournit \u00e0 K\u00fchne+Nagel la solution de gestion d\u2019entrep\u00f4t et de supply chain d\u2019Orange.<br \/>\nKuehne+Nagel renouvelle avec Orange (2026\u20132029) \u2014 proLogistik Group s\u2019en r\u00e9jouit et r\u00e9affirme son engagement.<\/p>\n","protected":false},"author":330,"featured_media":49344,"comment_status":"closed","ping_status":"closed","sticky":false,"template":"","format":"standard","meta":{"_acf_changed":false,"footnotes":""},"categories":[287,136,196,321],"tags":[473,474,472,444,296,293],"class_list":["post-48953","post","type-post","status-publish","format-standard","has-post-thumbnail","hentry","category-actualites-fr","category-news","category-news-en","category-produits","tag-kuehnenagel-2","tag-logistar-3","tag-orange-3","tag-prologistikfrance","tag-systeme-de-gestion-des-stocks","tag-wms-fr"],"acf":[],"yoast_head":"<!-- This site is optimized with the Yoast SEO Premium plugin v26.9 (Yoast SEO v27.5) - https:\/\/yoast.com\/product\/yoast-seo-premium-wordpress\/ -->\n<title>L&#039;\u00e9diteur proLogistik fournit \u00e0 Kuehne+Nagel un WMS pour Orange<\/title>\n<meta name=\"description\" content=\"proLogistik fournit \u00e0 Kuehne+Nagel la solution de gestion d\u2019entrep\u00f4t &amp; de supply chain d\u2019Orange \u2705 Innovation, efficacit\u00e9 &amp; digitalisation logistique. En savoir plus !\" \/>\n<meta name=\"robots\" content=\"index, follow, max-snippet:-1, max-image-preview:large, max-video-preview:-1\" \/>\n<link rel=\"canonical\" href=\"https:\/\/www.prologistik.com\/fr\/lediteur-prologistik-fournit-a-kuhnenagel-la-solution-de-gestion-dentrepot-et-de-supply-chain-dorange\/\" \/>\n<meta property=\"og:locale\" content=\"fr_FR\" \/>\n<meta property=\"og:type\" content=\"article\" \/>\n<meta property=\"og:title\" content=\"L&#039;\u00e9diteur proLogistik fournit \u00e0 Kuehne+Nagel un WMS pour Orange\" \/>\n<meta property=\"og:description\" content=\"Kuehne+Nagel renouvelle avec Orange (2026\u20132029) \u2014 proLogistik Group s\u2019en r\u00e9jouit et r\u00e9affirme son engagement.\" \/>\n<meta property=\"og:url\" content=\"https:\/\/www.prologistik.com\/fr\/lediteur-prologistik-fournit-a-kuhnenagel-la-solution-de-gestion-dentrepot-et-de-supply-chain-dorange\/\" \/>\n<meta property=\"og:site_name\" content=\"proLogistik Group\" \/>\n<meta property=\"article:published_time\" content=\"2025-06-04T07:46:27+00:00\" \/>\n<meta property=\"article:modified_time\" content=\"2025-11-20T08:41:29+00:00\" \/>\n<meta property=\"og:image\" content=\"https:\/\/www.prologistik.com\/wp-content\/uploads\/Website-Header_KN2.png\" \/>\n\t<meta property=\"og:image:width\" content=\"920\" \/>\n\t<meta property=\"og:image:height\" content=\"550\" \/>\n\t<meta property=\"og:image:type\" content=\"image\/png\" \/>\n<meta name=\"author\" content=\"proLogistik Online-Redaktion\" \/>\n<meta name=\"twitter:card\" content=\"summary_large_image\" \/>\n<meta name=\"twitter:title\" content=\"L\u2019\u00e9diteur proLogistik fournit \u00e0 Kuhne+Nagel la solution de gestion d\u2019entrep\u00f4t et de supply chain d\u2019Orange\" \/>\n<meta name=\"twitter:label1\" content=\"\u00c9crit par\" \/>\n\t<meta name=\"twitter:data1\" content=\"proLogistik Online-Redaktion\" \/>\n\t<meta name=\"twitter:label2\" content=\"Dur\u00e9e de lecture estim\u00e9e\" \/>\n\t<meta name=\"twitter:data2\" content=\"5 minutes\" \/>\n<script type=\"application\/ld+json\" class=\"yoast-schema-graph\">{\"@context\":\"https:\\\/\\\/schema.org\",\"@graph\":[{\"@type\":\"Article\",\"@id\":\"https:\\\/\\\/www.prologistik.com\\\/fr\\\/lediteur-prologistik-fournit-a-kuhnenagel-la-solution-de-gestion-dentrepot-et-de-supply-chain-dorange\\\/#article\",\"isPartOf\":{\"@id\":\"https:\\\/\\\/www.prologistik.com\\\/fr\\\/lediteur-prologistik-fournit-a-kuhnenagel-la-solution-de-gestion-dentrepot-et-de-supply-chain-dorange\\\/\"},\"author\":{\"name\":\"proLogistik Online-Redaktion\",\"@id\":\"https:\\\/\\\/www.prologistik.com\\\/fr\\\/#\\\/schema\\\/person\\\/c027e90fb1e7b522a4c561aeaaf72330\"},\"headline\":\"L\u2019\u00e9diteur proLogistik fournit \u00e0 Kuhne+Nagel la solution de gestion d\u2019entrep\u00f4t et de supply chain d\u2019Orange\",\"datePublished\":\"2025-06-04T07:46:27+00:00\",\"dateModified\":\"2025-11-20T08:41:29+00:00\",\"mainEntityOfPage\":{\"@id\":\"https:\\\/\\\/www.prologistik.com\\\/fr\\\/lediteur-prologistik-fournit-a-kuhnenagel-la-solution-de-gestion-dentrepot-et-de-supply-chain-dorange\\\/\"},\"wordCount\":1001,\"publisher\":{\"@id\":\"https:\\\/\\\/www.prologistik.com\\\/fr\\\/#organization\"},\"image\":{\"@id\":\"https:\\\/\\\/www.prologistik.com\\\/fr\\\/lediteur-prologistik-fournit-a-kuhnenagel-la-solution-de-gestion-dentrepot-et-de-supply-chain-dorange\\\/#primaryimage\"},\"thumbnailUrl\":\"https:\\\/\\\/www.prologistik.com\\\/wp-content\\\/uploads\\\/Grafiken_Kuehne-Nagel-Orange_Lager-1.png\",\"keywords\":[\"Kuehne+Nagel\",\"Logistar\",\"Orange\",\"proLogistikFrance\",\"syst\u00e8me de gestion des stocks\",\"wms\"],\"articleSection\":[\"Actualit\u00e9s\",\"News\",\"News\",\"Produits\"],\"inLanguage\":\"fr-FR\"},{\"@type\":\"WebPage\",\"@id\":\"https:\\\/\\\/www.prologistik.com\\\/fr\\\/lediteur-prologistik-fournit-a-kuhnenagel-la-solution-de-gestion-dentrepot-et-de-supply-chain-dorange\\\/\",\"url\":\"https:\\\/\\\/www.prologistik.com\\\/fr\\\/lediteur-prologistik-fournit-a-kuhnenagel-la-solution-de-gestion-dentrepot-et-de-supply-chain-dorange\\\/\",\"name\":\"L'\u00e9diteur proLogistik fournit \u00e0 Kuehne+Nagel un WMS pour Orange\",\"isPartOf\":{\"@id\":\"https:\\\/\\\/www.prologistik.com\\\/fr\\\/#website\"},\"primaryImageOfPage\":{\"@id\":\"https:\\\/\\\/www.prologistik.com\\\/fr\\\/lediteur-prologistik-fournit-a-kuhnenagel-la-solution-de-gestion-dentrepot-et-de-supply-chain-dorange\\\/#primaryimage\"},\"image\":{\"@id\":\"https:\\\/\\\/www.prologistik.com\\\/fr\\\/lediteur-prologistik-fournit-a-kuhnenagel-la-solution-de-gestion-dentrepot-et-de-supply-chain-dorange\\\/#primaryimage\"},\"thumbnailUrl\":\"https:\\\/\\\/www.prologistik.com\\\/wp-content\\\/uploads\\\/Grafiken_Kuehne-Nagel-Orange_Lager-1.png\",\"datePublished\":\"2025-06-04T07:46:27+00:00\",\"dateModified\":\"2025-11-20T08:41:29+00:00\",\"description\":\"proLogistik fournit \u00e0 Kuehne+Nagel la solution de gestion d\u2019entrep\u00f4t & de supply chain d\u2019Orange \u2705 Innovation, efficacit\u00e9 & digitalisation logistique. En savoir plus !\",\"breadcrumb\":{\"@id\":\"https:\\\/\\\/www.prologistik.com\\\/fr\\\/lediteur-prologistik-fournit-a-kuhnenagel-la-solution-de-gestion-dentrepot-et-de-supply-chain-dorange\\\/#breadcrumb\"},\"inLanguage\":\"fr-FR\",\"potentialAction\":[{\"@type\":\"ReadAction\",\"target\":[\"https:\\\/\\\/www.prologistik.com\\\/fr\\\/lediteur-prologistik-fournit-a-kuhnenagel-la-solution-de-gestion-dentrepot-et-de-supply-chain-dorange\\\/\"]}]},{\"@type\":\"ImageObject\",\"inLanguage\":\"fr-FR\",\"@id\":\"https:\\\/\\\/www.prologistik.com\\\/fr\\\/lediteur-prologistik-fournit-a-kuhnenagel-la-solution-de-gestion-dentrepot-et-de-supply-chain-dorange\\\/#primaryimage\",\"url\":\"https:\\\/\\\/www.prologistik.com\\\/wp-content\\\/uploads\\\/Grafiken_Kuehne-Nagel-Orange_Lager-1.png\",\"contentUrl\":\"https:\\\/\\\/www.prologistik.com\\\/wp-content\\\/uploads\\\/Grafiken_Kuehne-Nagel-Orange_Lager-1.png\",\"width\":920,\"height\":550,\"caption\":\"proLogistik Group liefert K\u00fchne+Nagel die Lagerverwaltungs- und Supply-Chain-L\u00f6sung f\u00fcr Orange\"},{\"@type\":\"BreadcrumbList\",\"@id\":\"https:\\\/\\\/www.prologistik.com\\\/fr\\\/lediteur-prologistik-fournit-a-kuhnenagel-la-solution-de-gestion-dentrepot-et-de-supply-chain-dorange\\\/#breadcrumb\",\"itemListElement\":[{\"@type\":\"ListItem\",\"position\":1,\"name\":\"Startseite\",\"item\":\"https:\\\/\\\/www.prologistik.com\\\/fr\\\/\"},{\"@type\":\"ListItem\",\"position\":2,\"name\":\"L\u2019\u00e9diteur proLogistik fournit \u00e0 Kuhne+Nagel la solution de gestion d\u2019entrep\u00f4t et de supply chain d\u2019Orange\"}]},{\"@type\":\"WebSite\",\"@id\":\"https:\\\/\\\/www.prologistik.com\\\/fr\\\/#website\",\"url\":\"https:\\\/\\\/www.prologistik.com\\\/fr\\\/\",\"name\":\"proLogistik Group\",\"description\":\"Software und Hardware f\u00fcr die Intralogistik\",\"publisher\":{\"@id\":\"https:\\\/\\\/www.prologistik.com\\\/fr\\\/#organization\"},\"potentialAction\":[{\"@type\":\"SearchAction\",\"target\":{\"@type\":\"EntryPoint\",\"urlTemplate\":\"https:\\\/\\\/www.prologistik.com\\\/fr\\\/?s={search_term_string}\"},\"query-input\":{\"@type\":\"PropertyValueSpecification\",\"valueRequired\":true,\"valueName\":\"search_term_string\"}}],\"inLanguage\":\"fr-FR\"},{\"@type\":\"Organization\",\"@id\":\"https:\\\/\\\/www.prologistik.com\\\/fr\\\/#organization\",\"name\":\"proLogistik Group\",\"url\":\"https:\\\/\\\/www.prologistik.com\\\/fr\\\/\",\"logo\":{\"@type\":\"ImageObject\",\"inLanguage\":\"fr-FR\",\"@id\":\"https:\\\/\\\/www.prologistik.com\\\/fr\\\/#\\\/schema\\\/logo\\\/image\\\/\",\"url\":\"https:\\\/\\\/www.prologistik.com\\\/wp-content\\\/uploads\\\/prologistik-logo-web.svg\",\"contentUrl\":\"https:\\\/\\\/www.prologistik.com\\\/wp-content\\\/uploads\\\/prologistik-logo-web.svg\",\"width\":320,\"height\":59,\"caption\":\"proLogistik Group\"},\"image\":{\"@id\":\"https:\\\/\\\/www.prologistik.com\\\/fr\\\/#\\\/schema\\\/logo\\\/image\\\/\"}},{\"@type\":\"Person\",\"@id\":\"https:\\\/\\\/www.prologistik.com\\\/fr\\\/#\\\/schema\\\/person\\\/c027e90fb1e7b522a4c561aeaaf72330\",\"name\":\"proLogistik Online-Redaktion\",\"image\":{\"@type\":\"ImageObject\",\"inLanguage\":\"fr-FR\",\"@id\":\"https:\\\/\\\/secure.gravatar.com\\\/avatar\\\/c4746b477a9a3377db34607ce35d0a39c536f4abcac752a3763adf3b68eaf68a?s=96&d=mm&r=g\",\"url\":\"https:\\\/\\\/secure.gravatar.com\\\/avatar\\\/c4746b477a9a3377db34607ce35d0a39c536f4abcac752a3763adf3b68eaf68a?s=96&d=mm&r=g\",\"contentUrl\":\"https:\\\/\\\/secure.gravatar.com\\\/avatar\\\/c4746b477a9a3377db34607ce35d0a39c536f4abcac752a3763adf3b68eaf68a?s=96&d=mm&r=g\",\"caption\":\"proLogistik Online-Redaktion\"},\"url\":\"https:\\\/\\\/www.prologistik.com\\\/fr\\\/author\\\/prologistik-online-redaktion\\\/\"}]}<\/script>\n<!-- \/ Yoast SEO Premium plugin. -->","yoast_head_json":{"title":"L'\u00e9diteur proLogistik fournit \u00e0 Kuehne+Nagel un WMS pour Orange","description":"proLogistik fournit \u00e0 Kuehne+Nagel la solution de gestion d\u2019entrep\u00f4t & de supply chain d\u2019Orange \u2705 Innovation, efficacit\u00e9 & digitalisation logistique. En savoir plus !","robots":{"index":"index","follow":"follow","max-snippet":"max-snippet:-1","max-image-preview":"max-image-preview:large","max-video-preview":"max-video-preview:-1"},"canonical":"https:\/\/www.prologistik.com\/fr\/lediteur-prologistik-fournit-a-kuhnenagel-la-solution-de-gestion-dentrepot-et-de-supply-chain-dorange\/","og_locale":"fr_FR","og_type":"article","og_title":"L'\u00e9diteur proLogistik fournit \u00e0 Kuehne+Nagel un WMS pour Orange","og_description":"Kuehne+Nagel renouvelle avec Orange (2026\u20132029) \u2014 proLogistik Group s\u2019en r\u00e9jouit et r\u00e9affirme son engagement.","og_url":"https:\/\/www.prologistik.com\/fr\/lediteur-prologistik-fournit-a-kuhnenagel-la-solution-de-gestion-dentrepot-et-de-supply-chain-dorange\/","og_site_name":"proLogistik Group","article_published_time":"2025-06-04T07:46:27+00:00","article_modified_time":"2025-11-20T08:41:29+00:00","og_image":[{"width":920,"height":550,"url":"https:\/\/www.prologistik.com\/wp-content\/uploads\/Website-Header_KN2.png","type":"image\/png"}],"author":"proLogistik Online-Redaktion","twitter_card":"summary_large_image","twitter_title":"L\u2019\u00e9diteur proLogistik fournit \u00e0 Kuhne+Nagel la solution de gestion d\u2019entrep\u00f4t et de supply chain d\u2019Orange","twitter_misc":{"\u00c9crit par":"proLogistik Online-Redaktion","Dur\u00e9e de lecture estim\u00e9e":"5 minutes"},"schema":{"@context":"https:\/\/schema.org","@graph":[{"@type":"Article","@id":"https:\/\/www.prologistik.com\/fr\/lediteur-prologistik-fournit-a-kuhnenagel-la-solution-de-gestion-dentrepot-et-de-supply-chain-dorange\/#article","isPartOf":{"@id":"https:\/\/www.prologistik.com\/fr\/lediteur-prologistik-fournit-a-kuhnenagel-la-solution-de-gestion-dentrepot-et-de-supply-chain-dorange\/"},"author":{"name":"proLogistik Online-Redaktion","@id":"https:\/\/www.prologistik.com\/fr\/#\/schema\/person\/c027e90fb1e7b522a4c561aeaaf72330"},"headline":"L\u2019\u00e9diteur proLogistik fournit \u00e0 Kuhne+Nagel la solution de gestion d\u2019entrep\u00f4t et de supply chain d\u2019Orange","datePublished":"2025-06-04T07:46:27+00:00","dateModified":"2025-11-20T08:41:29+00:00","mainEntityOfPage":{"@id":"https:\/\/www.prologistik.com\/fr\/lediteur-prologistik-fournit-a-kuhnenagel-la-solution-de-gestion-dentrepot-et-de-supply-chain-dorange\/"},"wordCount":1001,"publisher":{"@id":"https:\/\/www.prologistik.com\/fr\/#organization"},"image":{"@id":"https:\/\/www.prologistik.com\/fr\/lediteur-prologistik-fournit-a-kuhnenagel-la-solution-de-gestion-dentrepot-et-de-supply-chain-dorange\/#primaryimage"},"thumbnailUrl":"https:\/\/www.prologistik.com\/wp-content\/uploads\/Grafiken_Kuehne-Nagel-Orange_Lager-1.png","keywords":["Kuehne+Nagel","Logistar","Orange","proLogistikFrance","syst\u00e8me de gestion des stocks","wms"],"articleSection":["Actualit\u00e9s","News","News","Produits"],"inLanguage":"fr-FR"},{"@type":"WebPage","@id":"https:\/\/www.prologistik.com\/fr\/lediteur-prologistik-fournit-a-kuhnenagel-la-solution-de-gestion-dentrepot-et-de-supply-chain-dorange\/","url":"https:\/\/www.prologistik.com\/fr\/lediteur-prologistik-fournit-a-kuhnenagel-la-solution-de-gestion-dentrepot-et-de-supply-chain-dorange\/","name":"L'\u00e9diteur proLogistik fournit \u00e0 Kuehne+Nagel un WMS pour Orange","isPartOf":{"@id":"https:\/\/www.prologistik.com\/fr\/#website"},"primaryImageOfPage":{"@id":"https:\/\/www.prologistik.com\/fr\/lediteur-prologistik-fournit-a-kuhnenagel-la-solution-de-gestion-dentrepot-et-de-supply-chain-dorange\/#primaryimage"},"image":{"@id":"https:\/\/www.prologistik.com\/fr\/lediteur-prologistik-fournit-a-kuhnenagel-la-solution-de-gestion-dentrepot-et-de-supply-chain-dorange\/#primaryimage"},"thumbnailUrl":"https:\/\/www.prologistik.com\/wp-content\/uploads\/Grafiken_Kuehne-Nagel-Orange_Lager-1.png","datePublished":"2025-06-04T07:46:27+00:00","dateModified":"2025-11-20T08:41:29+00:00","description":"proLogistik fournit \u00e0 Kuehne+Nagel la solution de gestion d\u2019entrep\u00f4t & de supply chain d\u2019Orange \u2705 Innovation, efficacit\u00e9 & digitalisation logistique. En savoir plus !","breadcrumb":{"@id":"https:\/\/www.prologistik.com\/fr\/lediteur-prologistik-fournit-a-kuhnenagel-la-solution-de-gestion-dentrepot-et-de-supply-chain-dorange\/#breadcrumb"},"inLanguage":"fr-FR","potentialAction":[{"@type":"ReadAction","target":["https:\/\/www.prologistik.com\/fr\/lediteur-prologistik-fournit-a-kuhnenagel-la-solution-de-gestion-dentrepot-et-de-supply-chain-dorange\/"]}]},{"@type":"ImageObject","inLanguage":"fr-FR","@id":"https:\/\/www.prologistik.com\/fr\/lediteur-prologistik-fournit-a-kuhnenagel-la-solution-de-gestion-dentrepot-et-de-supply-chain-dorange\/#primaryimage","url":"https:\/\/www.prologistik.com\/wp-content\/uploads\/Grafiken_Kuehne-Nagel-Orange_Lager-1.png","contentUrl":"https:\/\/www.prologistik.com\/wp-content\/uploads\/Grafiken_Kuehne-Nagel-Orange_Lager-1.png","width":920,"height":550,"caption":"proLogistik Group liefert K\u00fchne+Nagel die Lagerverwaltungs- und Supply-Chain-L\u00f6sung f\u00fcr Orange"},{"@type":"BreadcrumbList","@id":"https:\/\/www.prologistik.com\/fr\/lediteur-prologistik-fournit-a-kuhnenagel-la-solution-de-gestion-dentrepot-et-de-supply-chain-dorange\/#breadcrumb","itemListElement":[{"@type":"ListItem","position":1,"name":"Startseite","item":"https:\/\/www.prologistik.com\/fr\/"},{"@type":"ListItem","position":2,"name":"L\u2019\u00e9diteur proLogistik fournit \u00e0 Kuhne+Nagel la solution de gestion d\u2019entrep\u00f4t et de supply chain d\u2019Orange"}]},{"@type":"WebSite","@id":"https:\/\/www.prologistik.com\/fr\/#website","url":"https:\/\/www.prologistik.com\/fr\/","name":"proLogistik Group","description":"Software und Hardware f\u00fcr die Intralogistik","publisher":{"@id":"https:\/\/www.prologistik.com\/fr\/#organization"},"potentialAction":[{"@type":"SearchAction","target":{"@type":"EntryPoint","urlTemplate":"https:\/\/www.prologistik.com\/fr\/?s={search_term_string}"},"query-input":{"@type":"PropertyValueSpecification","valueRequired":true,"valueName":"search_term_string"}}],"inLanguage":"fr-FR"},{"@type":"Organization","@id":"https:\/\/www.prologistik.com\/fr\/#organization","name":"proLogistik Group","url":"https:\/\/www.prologistik.com\/fr\/","logo":{"@type":"ImageObject","inLanguage":"fr-FR","@id":"https:\/\/www.prologistik.com\/fr\/#\/schema\/logo\/image\/","url":"https:\/\/www.prologistik.com\/wp-content\/uploads\/prologistik-logo-web.svg","contentUrl":"https:\/\/www.prologistik.com\/wp-content\/uploads\/prologistik-logo-web.svg","width":320,"height":59,"caption":"proLogistik Group"},"image":{"@id":"https:\/\/www.prologistik.com\/fr\/#\/schema\/logo\/image\/"}},{"@type":"Person","@id":"https:\/\/www.prologistik.com\/fr\/#\/schema\/person\/c027e90fb1e7b522a4c561aeaaf72330","name":"proLogistik Online-Redaktion","image":{"@type":"ImageObject","inLanguage":"fr-FR","@id":"https:\/\/secure.gravatar.com\/avatar\/c4746b477a9a3377db34607ce35d0a39c536f4abcac752a3763adf3b68eaf68a?s=96&d=mm&r=g","url":"https:\/\/secure.gravatar.com\/avatar\/c4746b477a9a3377db34607ce35d0a39c536f4abcac752a3763adf3b68eaf68a?s=96&d=mm&r=g","contentUrl":"https:\/\/secure.gravatar.com\/avatar\/c4746b477a9a3377db34607ce35d0a39c536f4abcac752a3763adf3b68eaf68a?s=96&d=mm&r=g","caption":"proLogistik Online-Redaktion"},"url":"https:\/\/www.prologistik.com\/fr\/author\/prologistik-online-redaktion\/"}]}},"_links":{"self":[{"href":"https:\/\/www.prologistik.com\/fr\/wp-json\/wp\/v2\/posts\/48953","targetHints":{"allow":["GET"]}}],"collection":[{"href":"https:\/\/www.prologistik.com\/fr\/wp-json\/wp\/v2\/posts"}],"about":[{"href":"https:\/\/www.prologistik.com\/fr\/wp-json\/wp\/v2\/types\/post"}],"author":[{"embeddable":true,"href":"https:\/\/www.prologistik.com\/fr\/wp-json\/wp\/v2\/users\/330"}],"replies":[{"embeddable":true,"href":"https:\/\/www.prologistik.com\/fr\/wp-json\/wp\/v2\/comments?post=48953"}],"version-history":[{"count":16,"href":"https:\/\/www.prologistik.com\/fr\/wp-json\/wp\/v2\/posts\/48953\/revisions"}],"predecessor-version":[{"id":54922,"href":"https:\/\/www.prologistik.com\/fr\/wp-json\/wp\/v2\/posts\/48953\/revisions\/54922"}],"wp:featuredmedia":[{"embeddable":true,"href":"https:\/\/www.prologistik.com\/fr\/wp-json\/wp\/v2\/media\/49344"}],"wp:attachment":[{"href":"https:\/\/www.prologistik.com\/fr\/wp-json\/wp\/v2\/media?parent=48953"}],"wp:term":[{"taxonomy":"category","embeddable":true,"href":"https:\/\/www.prologistik.com\/fr\/wp-json\/wp\/v2\/categories?post=48953"},{"taxonomy":"post_tag","embeddable":true,"href":"https:\/\/www.prologistik.com\/fr\/wp-json\/wp\/v2\/tags?post=48953"}],"curies":[{"name":"wp","href":"https:\/\/api.w.org\/{rel}","templated":true}]}}