{"id":48058,"date":"2025-03-28T09:01:23","date_gmt":"2025-03-28T08:01:23","guid":{"rendered":"https:\/\/www.prologistik.com\/?p=48058"},"modified":"2025-10-09T10:43:06","modified_gmt":"2025-10-09T08:43:06","slug":"prologistik-group-au-salon-sitl-2025","status":"publish","type":"post","link":"https:\/\/www.prologistik.com\/fr\/prologistik-group-au-salon-sitl-2025\/","title":{"rendered":"proLogistik Group &amp; DSIA au salon SiTL 2025"},"content":{"rendered":"\n<p><strong>DSIA \u2013 membre du groupe proLogistik \u2013 participera pour la premi\u00e8re fois au salon SiTL \u00e0 Paris sous la banni\u00e8re proLogistik France!<\/strong><br><p data-start=\"187\" data-end=\"237\" class=\"\"><\/p><\/p>\n\n\n\n<p>\ud83d\uddd3\ufe0f Du 1er au 3 avril 2025<br>\ud83d\udccd Hall 1 | Stand R76<\/p>\n\n\n\n<p>D\u00e9couvrez nos solutions logicielles innovantes pour un pilotage pr\u00e9cis de votre cha\u00eene logistique:<\/p>\n\n\n\n<p><strong>WMS \u2013 Gestion d\u2019entrep\u00f4t<\/strong><br>\u2714\ufe0f Optimisation du stockage et des flux de mat\u00e9riaux<br>\u2714\ufe0f Inventaire en temps r\u00e9el<br>\u2714\ufe0f Processus automatis\u00e9s<\/p>\n\n\n\n<p><strong>OMS \u2013 Gestion des commandes<\/strong><br>\u2714\ufe0f Suivi centralis\u00e9 des commandes<br>\u2714\ufe0f Traitement rapide et sans erreur<br>\u2714\ufe0f Exp\u00e9rience client optimis\u00e9e<\/p>\n\n\n\n<p><strong>TMS \u2013 Gestion du transport<\/strong><br>\u2714\ufe0f Planification &amp; tra\u00e7abilit\u00e9 des livraisons<br>\u2714\ufe0f R\u00e9duction des co\u00fbts logistiques<br>\u2714\ufe0f Gestion efficace des transporteurs<\/p>\n\n\n\n<p><strong>Analytics \u2013 Analyse de la performance logistique<\/strong><br>\u2714\ufe0f Indicateurs cl\u00e9s clairs et exploitables<br>\u2714\ufe0f Prises de d\u00e9cisions strat\u00e9giques bas\u00e9es sur les donn\u00e9es<br>\u2714\ufe0f Visualisation des tendances &amp; anomalies<\/p>\n\n\n\n<p>\ud83c\udf9f\ufe0f R\u00e9servez d\u00e8s maintenant votre billet gratuit pour le salon! Nous avons h\u00e2te de vous accueillir \u00e0 Paris!<\/p>\n\n\n\n<p><strong>Contact presse <\/strong><br>Pauline Berniere<\/p>\n\n\n\n<p><a href=\"mailto:pauline.berniere@prologistik.com\">pauline.berniere@prologistik.com<\/a> | +33 (0)6 77 47 13 39<br>DSIA, membre de proLogistik Group | 16, rue de la Petite Sensive |  44327 Nantes |  France<br>www.prologistik.com\/fr<\/p>\n","protected":false},"excerpt":{"rendered":"<p>DSIA \u2013 membre du groupe proLogistik \u2013 participera pour la premi\u00e8re fois au salon SiTL \u00e0 Paris sous la banni\u00e8re proLogistik France!<\/p>\n","protected":false},"author":330,"featured_media":48073,"comment_status":"closed","ping_status":"closed","sticky":false,"template":"","format":"standard","meta":{"_acf_changed":false,"footnotes":""},"categories":[287,136],"tags":[443,461,444,300,460],"class_list":["post-48058","post","type-post","status-publish","format-standard","has-post-thumbnail","hentry","category-actualites-fr","category-news","tag-dsia-2","tag-messe-2","tag-prologistikfrance","tag-salon","tag-sitl-2"],"acf":[],"yoast_head":"<!-- This site is optimized with the Yoast SEO Premium plugin v26.9 (Yoast SEO v27.5) - https:\/\/yoast.com\/product\/yoast-seo-premium-wordpress\/ -->\n<title>\ud83d\ude80 proLogistik &amp; DSIA au SITL 2025 | innovations logistiques<\/title>\n<meta name=\"description\" content=\"DSIA \u2013 membre du groupe proLogistik \u2013 participera pour la premi\u00e8re fois au salon SiTL \u00e0 Paris sous la banni\u00e8re proLogistik France!\" \/>\n<meta name=\"robots\" content=\"index, nofollow, max-snippet:-1, max-image-preview:large, max-video-preview:-1\" \/>\n<link rel=\"canonical\" href=\"https:\/\/www.prologistik.com\/fr\/prologistik-group-au-salon-sitl-2025\/\" \/>\n<meta property=\"og:locale\" content=\"fr_FR\" \/>\n<meta property=\"og:type\" content=\"article\" \/>\n<meta property=\"og:title\" content=\"proLogistik Group &amp; DSIA au salon SiTL 2025\" \/>\n<meta property=\"og:description\" content=\"DSIA \u2013 membre du groupe proLogistik \u2013 participera pour la premi\u00e8re fois au salon SiTL \u00e0 Paris sous la banni\u00e8re proLogistik France!\" \/>\n<meta property=\"og:url\" content=\"https:\/\/www.prologistik.com\/fr\/prologistik-group-au-salon-sitl-2025\/\" \/>\n<meta property=\"og:site_name\" content=\"proLogistik Group\" \/>\n<meta property=\"article:published_time\" content=\"2025-03-28T08:01:23+00:00\" \/>\n<meta property=\"article:modified_time\" content=\"2025-10-09T08:43:06+00:00\" \/>\n<meta property=\"og:image\" content=\"https:\/\/www.prologistik.com\/wp-content\/uploads\/SITL_LinkedIn_fr_1200x627_2025.png\" \/>\n\t<meta property=\"og:image:width\" content=\"1200\" \/>\n\t<meta property=\"og:image:height\" content=\"627\" \/>\n\t<meta property=\"og:image:type\" content=\"image\/png\" \/>\n<meta name=\"author\" content=\"proLogistik Online-Redaktion\" \/>\n<meta name=\"twitter:card\" content=\"summary_large_image\" \/>\n<meta name=\"twitter:label1\" content=\"\u00c9crit par\" \/>\n\t<meta name=\"twitter:data1\" content=\"proLogistik Online-Redaktion\" \/>\n\t<meta name=\"twitter:label2\" content=\"Dur\u00e9e de lecture estim\u00e9e\" \/>\n\t<meta name=\"twitter:data2\" content=\"1 minute\" \/>\n<script type=\"application\/ld+json\" class=\"yoast-schema-graph\">{\"@context\":\"https:\\\/\\\/schema.org\",\"@graph\":[{\"@type\":\"Article\",\"@id\":\"https:\\\/\\\/www.prologistik.com\\\/fr\\\/prologistik-group-au-salon-sitl-2025\\\/#article\",\"isPartOf\":{\"@id\":\"https:\\\/\\\/www.prologistik.com\\\/fr\\\/prologistik-group-au-salon-sitl-2025\\\/\"},\"author\":{\"name\":\"proLogistik Online-Redaktion\",\"@id\":\"https:\\\/\\\/www.prologistik.com\\\/fr\\\/#\\\/schema\\\/person\\\/c027e90fb1e7b522a4c561aeaaf72330\"},\"headline\":\"proLogistik Group &amp; DSIA au salon SiTL 2025\",\"datePublished\":\"2025-03-28T08:01:23+00:00\",\"dateModified\":\"2025-10-09T08:43:06+00:00\",\"mainEntityOfPage\":{\"@id\":\"https:\\\/\\\/www.prologistik.com\\\/fr\\\/prologistik-group-au-salon-sitl-2025\\\/\"},\"wordCount\":182,\"publisher\":{\"@id\":\"https:\\\/\\\/www.prologistik.com\\\/fr\\\/#organization\"},\"image\":{\"@id\":\"https:\\\/\\\/www.prologistik.com\\\/fr\\\/prologistik-group-au-salon-sitl-2025\\\/#primaryimage\"},\"thumbnailUrl\":\"https:\\\/\\\/www.prologistik.com\\\/wp-content\\\/uploads\\\/SITL_LinkedIn_fr_1200x627_2025.png\",\"keywords\":[\"dsia\",\"Messe\",\"proLogistikFrance\",\"Salon\",\"SiTL\"],\"articleSection\":[\"Actualit\u00e9s\",\"News\"],\"inLanguage\":\"fr-FR\"},{\"@type\":\"WebPage\",\"@id\":\"https:\\\/\\\/www.prologistik.com\\\/fr\\\/prologistik-group-au-salon-sitl-2025\\\/\",\"url\":\"https:\\\/\\\/www.prologistik.com\\\/fr\\\/prologistik-group-au-salon-sitl-2025\\\/\",\"name\":\"\ud83d\ude80 proLogistik & DSIA au SITL 2025 | innovations logistiques\",\"isPartOf\":{\"@id\":\"https:\\\/\\\/www.prologistik.com\\\/fr\\\/#website\"},\"primaryImageOfPage\":{\"@id\":\"https:\\\/\\\/www.prologistik.com\\\/fr\\\/prologistik-group-au-salon-sitl-2025\\\/#primaryimage\"},\"image\":{\"@id\":\"https:\\\/\\\/www.prologistik.com\\\/fr\\\/prologistik-group-au-salon-sitl-2025\\\/#primaryimage\"},\"thumbnailUrl\":\"https:\\\/\\\/www.prologistik.com\\\/wp-content\\\/uploads\\\/SITL_LinkedIn_fr_1200x627_2025.png\",\"datePublished\":\"2025-03-28T08:01:23+00:00\",\"dateModified\":\"2025-10-09T08:43:06+00:00\",\"description\":\"DSIA \u2013 membre du groupe proLogistik \u2013 participera pour la premi\u00e8re fois au salon SiTL \u00e0 Paris sous la banni\u00e8re proLogistik France!\",\"breadcrumb\":{\"@id\":\"https:\\\/\\\/www.prologistik.com\\\/fr\\\/prologistik-group-au-salon-sitl-2025\\\/#breadcrumb\"},\"inLanguage\":\"fr-FR\",\"potentialAction\":[{\"@type\":\"ReadAction\",\"target\":[\"https:\\\/\\\/www.prologistik.com\\\/fr\\\/prologistik-group-au-salon-sitl-2025\\\/\"]}]},{\"@type\":\"ImageObject\",\"inLanguage\":\"fr-FR\",\"@id\":\"https:\\\/\\\/www.prologistik.com\\\/fr\\\/prologistik-group-au-salon-sitl-2025\\\/#primaryimage\",\"url\":\"https:\\\/\\\/www.prologistik.com\\\/wp-content\\\/uploads\\\/SITL_LinkedIn_fr_1200x627_2025.png\",\"contentUrl\":\"https:\\\/\\\/www.prologistik.com\\\/wp-content\\\/uploads\\\/SITL_LinkedIn_fr_1200x627_2025.png\",\"width\":1200,\"height\":627},{\"@type\":\"BreadcrumbList\",\"@id\":\"https:\\\/\\\/www.prologistik.com\\\/fr\\\/prologistik-group-au-salon-sitl-2025\\\/#breadcrumb\",\"itemListElement\":[{\"@type\":\"ListItem\",\"position\":1,\"name\":\"Startseite\",\"item\":\"https:\\\/\\\/www.prologistik.com\\\/fr\\\/\"},{\"@type\":\"ListItem\",\"position\":2,\"name\":\"proLogistik Group &amp; DSIA au salon SiTL 2025\"}]},{\"@type\":\"WebSite\",\"@id\":\"https:\\\/\\\/www.prologistik.com\\\/fr\\\/#website\",\"url\":\"https:\\\/\\\/www.prologistik.com\\\/fr\\\/\",\"name\":\"proLogistik Group\",\"description\":\"Software und Hardware f\u00fcr die Intralogistik\",\"publisher\":{\"@id\":\"https:\\\/\\\/www.prologistik.com\\\/fr\\\/#organization\"},\"potentialAction\":[{\"@type\":\"SearchAction\",\"target\":{\"@type\":\"EntryPoint\",\"urlTemplate\":\"https:\\\/\\\/www.prologistik.com\\\/fr\\\/?s={search_term_string}\"},\"query-input\":{\"@type\":\"PropertyValueSpecification\",\"valueRequired\":true,\"valueName\":\"search_term_string\"}}],\"inLanguage\":\"fr-FR\"},{\"@type\":\"Organization\",\"@id\":\"https:\\\/\\\/www.prologistik.com\\\/fr\\\/#organization\",\"name\":\"proLogistik Group\",\"url\":\"https:\\\/\\\/www.prologistik.com\\\/fr\\\/\",\"logo\":{\"@type\":\"ImageObject\",\"inLanguage\":\"fr-FR\",\"@id\":\"https:\\\/\\\/www.prologistik.com\\\/fr\\\/#\\\/schema\\\/logo\\\/image\\\/\",\"url\":\"https:\\\/\\\/www.prologistik.com\\\/wp-content\\\/uploads\\\/prologistik-logo-web.svg\",\"contentUrl\":\"https:\\\/\\\/www.prologistik.com\\\/wp-content\\\/uploads\\\/prologistik-logo-web.svg\",\"width\":320,\"height\":59,\"caption\":\"proLogistik Group\"},\"image\":{\"@id\":\"https:\\\/\\\/www.prologistik.com\\\/fr\\\/#\\\/schema\\\/logo\\\/image\\\/\"}},{\"@type\":\"Person\",\"@id\":\"https:\\\/\\\/www.prologistik.com\\\/fr\\\/#\\\/schema\\\/person\\\/c027e90fb1e7b522a4c561aeaaf72330\",\"name\":\"proLogistik Online-Redaktion\",\"image\":{\"@type\":\"ImageObject\",\"inLanguage\":\"fr-FR\",\"@id\":\"https:\\\/\\\/secure.gravatar.com\\\/avatar\\\/c4746b477a9a3377db34607ce35d0a39c536f4abcac752a3763adf3b68eaf68a?s=96&d=mm&r=g\",\"url\":\"https:\\\/\\\/secure.gravatar.com\\\/avatar\\\/c4746b477a9a3377db34607ce35d0a39c536f4abcac752a3763adf3b68eaf68a?s=96&d=mm&r=g\",\"contentUrl\":\"https:\\\/\\\/secure.gravatar.com\\\/avatar\\\/c4746b477a9a3377db34607ce35d0a39c536f4abcac752a3763adf3b68eaf68a?s=96&d=mm&r=g\",\"caption\":\"proLogistik Online-Redaktion\"},\"url\":\"https:\\\/\\\/www.prologistik.com\\\/fr\\\/author\\\/prologistik-online-redaktion\\\/\"}]}<\/script>\n<!-- \/ Yoast SEO Premium plugin. -->","yoast_head_json":{"title":"\ud83d\ude80 proLogistik & DSIA au SITL 2025 | innovations logistiques","description":"DSIA \u2013 membre du groupe proLogistik \u2013 participera pour la premi\u00e8re fois au salon SiTL \u00e0 Paris sous la banni\u00e8re proLogistik France!","robots":{"index":"index","follow":"nofollow","max-snippet":"max-snippet:-1","max-image-preview":"max-image-preview:large","max-video-preview":"max-video-preview:-1"},"canonical":"https:\/\/www.prologistik.com\/fr\/prologistik-group-au-salon-sitl-2025\/","og_locale":"fr_FR","og_type":"article","og_title":"proLogistik Group &amp; DSIA au salon SiTL 2025","og_description":"DSIA \u2013 membre du groupe proLogistik \u2013 participera pour la premi\u00e8re fois au salon SiTL \u00e0 Paris sous la banni\u00e8re proLogistik France!","og_url":"https:\/\/www.prologistik.com\/fr\/prologistik-group-au-salon-sitl-2025\/","og_site_name":"proLogistik Group","article_published_time":"2025-03-28T08:01:23+00:00","article_modified_time":"2025-10-09T08:43:06+00:00","og_image":[{"width":1200,"height":627,"url":"https:\/\/www.prologistik.com\/wp-content\/uploads\/SITL_LinkedIn_fr_1200x627_2025.png","type":"image\/png"}],"author":"proLogistik Online-Redaktion","twitter_card":"summary_large_image","twitter_misc":{"\u00c9crit par":"proLogistik Online-Redaktion","Dur\u00e9e de lecture estim\u00e9e":"1 minute"},"schema":{"@context":"https:\/\/schema.org","@graph":[{"@type":"Article","@id":"https:\/\/www.prologistik.com\/fr\/prologistik-group-au-salon-sitl-2025\/#article","isPartOf":{"@id":"https:\/\/www.prologistik.com\/fr\/prologistik-group-au-salon-sitl-2025\/"},"author":{"name":"proLogistik Online-Redaktion","@id":"https:\/\/www.prologistik.com\/fr\/#\/schema\/person\/c027e90fb1e7b522a4c561aeaaf72330"},"headline":"proLogistik Group &amp; DSIA au salon SiTL 2025","datePublished":"2025-03-28T08:01:23+00:00","dateModified":"2025-10-09T08:43:06+00:00","mainEntityOfPage":{"@id":"https:\/\/www.prologistik.com\/fr\/prologistik-group-au-salon-sitl-2025\/"},"wordCount":182,"publisher":{"@id":"https:\/\/www.prologistik.com\/fr\/#organization"},"image":{"@id":"https:\/\/www.prologistik.com\/fr\/prologistik-group-au-salon-sitl-2025\/#primaryimage"},"thumbnailUrl":"https:\/\/www.prologistik.com\/wp-content\/uploads\/SITL_LinkedIn_fr_1200x627_2025.png","keywords":["dsia","Messe","proLogistikFrance","Salon","SiTL"],"articleSection":["Actualit\u00e9s","News"],"inLanguage":"fr-FR"},{"@type":"WebPage","@id":"https:\/\/www.prologistik.com\/fr\/prologistik-group-au-salon-sitl-2025\/","url":"https:\/\/www.prologistik.com\/fr\/prologistik-group-au-salon-sitl-2025\/","name":"\ud83d\ude80 proLogistik & DSIA au SITL 2025 | innovations logistiques","isPartOf":{"@id":"https:\/\/www.prologistik.com\/fr\/#website"},"primaryImageOfPage":{"@id":"https:\/\/www.prologistik.com\/fr\/prologistik-group-au-salon-sitl-2025\/#primaryimage"},"image":{"@id":"https:\/\/www.prologistik.com\/fr\/prologistik-group-au-salon-sitl-2025\/#primaryimage"},"thumbnailUrl":"https:\/\/www.prologistik.com\/wp-content\/uploads\/SITL_LinkedIn_fr_1200x627_2025.png","datePublished":"2025-03-28T08:01:23+00:00","dateModified":"2025-10-09T08:43:06+00:00","description":"DSIA \u2013 membre du groupe proLogistik \u2013 participera pour la premi\u00e8re fois au salon SiTL \u00e0 Paris sous la banni\u00e8re proLogistik France!","breadcrumb":{"@id":"https:\/\/www.prologistik.com\/fr\/prologistik-group-au-salon-sitl-2025\/#breadcrumb"},"inLanguage":"fr-FR","potentialAction":[{"@type":"ReadAction","target":["https:\/\/www.prologistik.com\/fr\/prologistik-group-au-salon-sitl-2025\/"]}]},{"@type":"ImageObject","inLanguage":"fr-FR","@id":"https:\/\/www.prologistik.com\/fr\/prologistik-group-au-salon-sitl-2025\/#primaryimage","url":"https:\/\/www.prologistik.com\/wp-content\/uploads\/SITL_LinkedIn_fr_1200x627_2025.png","contentUrl":"https:\/\/www.prologistik.com\/wp-content\/uploads\/SITL_LinkedIn_fr_1200x627_2025.png","width":1200,"height":627},{"@type":"BreadcrumbList","@id":"https:\/\/www.prologistik.com\/fr\/prologistik-group-au-salon-sitl-2025\/#breadcrumb","itemListElement":[{"@type":"ListItem","position":1,"name":"Startseite","item":"https:\/\/www.prologistik.com\/fr\/"},{"@type":"ListItem","position":2,"name":"proLogistik Group &amp; DSIA au salon SiTL 2025"}]},{"@type":"WebSite","@id":"https:\/\/www.prologistik.com\/fr\/#website","url":"https:\/\/www.prologistik.com\/fr\/","name":"proLogistik Group","description":"Software und Hardware f\u00fcr die Intralogistik","publisher":{"@id":"https:\/\/www.prologistik.com\/fr\/#organization"},"potentialAction":[{"@type":"SearchAction","target":{"@type":"EntryPoint","urlTemplate":"https:\/\/www.prologistik.com\/fr\/?s={search_term_string}"},"query-input":{"@type":"PropertyValueSpecification","valueRequired":true,"valueName":"search_term_string"}}],"inLanguage":"fr-FR"},{"@type":"Organization","@id":"https:\/\/www.prologistik.com\/fr\/#organization","name":"proLogistik Group","url":"https:\/\/www.prologistik.com\/fr\/","logo":{"@type":"ImageObject","inLanguage":"fr-FR","@id":"https:\/\/www.prologistik.com\/fr\/#\/schema\/logo\/image\/","url":"https:\/\/www.prologistik.com\/wp-content\/uploads\/prologistik-logo-web.svg","contentUrl":"https:\/\/www.prologistik.com\/wp-content\/uploads\/prologistik-logo-web.svg","width":320,"height":59,"caption":"proLogistik Group"},"image":{"@id":"https:\/\/www.prologistik.com\/fr\/#\/schema\/logo\/image\/"}},{"@type":"Person","@id":"https:\/\/www.prologistik.com\/fr\/#\/schema\/person\/c027e90fb1e7b522a4c561aeaaf72330","name":"proLogistik Online-Redaktion","image":{"@type":"ImageObject","inLanguage":"fr-FR","@id":"https:\/\/secure.gravatar.com\/avatar\/c4746b477a9a3377db34607ce35d0a39c536f4abcac752a3763adf3b68eaf68a?s=96&d=mm&r=g","url":"https:\/\/secure.gravatar.com\/avatar\/c4746b477a9a3377db34607ce35d0a39c536f4abcac752a3763adf3b68eaf68a?s=96&d=mm&r=g","contentUrl":"https:\/\/secure.gravatar.com\/avatar\/c4746b477a9a3377db34607ce35d0a39c536f4abcac752a3763adf3b68eaf68a?s=96&d=mm&r=g","caption":"proLogistik Online-Redaktion"},"url":"https:\/\/www.prologistik.com\/fr\/author\/prologistik-online-redaktion\/"}]}},"_links":{"self":[{"href":"https:\/\/www.prologistik.com\/fr\/wp-json\/wp\/v2\/posts\/48058","targetHints":{"allow":["GET"]}}],"collection":[{"href":"https:\/\/www.prologistik.com\/fr\/wp-json\/wp\/v2\/posts"}],"about":[{"href":"https:\/\/www.prologistik.com\/fr\/wp-json\/wp\/v2\/types\/post"}],"author":[{"embeddable":true,"href":"https:\/\/www.prologistik.com\/fr\/wp-json\/wp\/v2\/users\/330"}],"replies":[{"embeddable":true,"href":"https:\/\/www.prologistik.com\/fr\/wp-json\/wp\/v2\/comments?post=48058"}],"version-history":[{"count":1,"href":"https:\/\/www.prologistik.com\/fr\/wp-json\/wp\/v2\/posts\/48058\/revisions"}],"predecessor-version":[{"id":48076,"href":"https:\/\/www.prologistik.com\/fr\/wp-json\/wp\/v2\/posts\/48058\/revisions\/48076"}],"wp:featuredmedia":[{"embeddable":true,"href":"https:\/\/www.prologistik.com\/fr\/wp-json\/wp\/v2\/media\/48073"}],"wp:attachment":[{"href":"https:\/\/www.prologistik.com\/fr\/wp-json\/wp\/v2\/media?parent=48058"}],"wp:term":[{"taxonomy":"category","embeddable":true,"href":"https:\/\/www.prologistik.com\/fr\/wp-json\/wp\/v2\/categories?post=48058"},{"taxonomy":"post_tag","embeddable":true,"href":"https:\/\/www.prologistik.com\/fr\/wp-json\/wp\/v2\/tags?post=48058"}],"curies":[{"name":"wp","href":"https:\/\/api.w.org\/{rel}","templated":true}]}}