{"id":31082,"date":"2022-05-17T07:54:00","date_gmt":"2022-05-17T05:54:00","guid":{"rendered":"https:\/\/prologistik.pixel-tal.de\/magazin\/news\/m-bach-mise-sur-les-solutions-de-prologistik-group"},"modified":"2024-03-12T16:17:16","modified_gmt":"2024-03-12T15:17:16","slug":"m-bach-mise-sur-les-solutions-de-prologistik-group","status":"publish","type":"post","link":"https:\/\/www.prologistik.com\/fr\/m-bach-mise-sur-les-solutions-de-prologistik-group\/","title":{"rendered":"M. Bach mise sur les solutions de proLogistik Group"},"content":{"rendered":"\n<p>L&#8217;entreprise de commerce de gros M. Bach GmbH, sp\u00e9cialis\u00e9e dans la technique du b\u00e2timent, a remplac\u00e9 un syst\u00e8me de gestion d&#8217;entrep\u00f4t existant dans son entrep\u00f4t central d&#8217;Eschweiler par la solution sectorielle pL-Store\u00ae Techline.<\/p>\n\n<p><strong>Secteur :<\/strong> Commerce de gros d&#8217;\u00e9quipements sanitaires, de chauffage et de plomberie<\/p>\n\n<h2 class=\"gb-headline gb-headline-30d918a3 gb-headline-text\">\u00c0 propos de M. Bach GmbH<\/h2>\n\n<ul class=\"wp-block-list\">\n<li>Cr\u00e9ation en 1945<\/li>\n\n\n\n<li>Si\u00e8ge social Eschweiler<\/li>\n\n\n\n<li>150 employ\u00e9s<\/li>\n\n\n\n<li>25.000 articles dans l&#8217;entrep\u00f4t central<\/li>\n\n\n\n<li>Total des articles env. 250.000<\/li>\n\n\n\n<li>20.000 casiers dans l&#8217;AKL<\/li>\n\n\n\n<li>6.500 emplacements pour palettes<\/li>\n<\/ul>\n\n<h2 class=\"gb-headline gb-headline-6b6d538f gb-headline-text\">Raisons du changement<\/h2>\n\n<p>Le changement de syst\u00e8me de gestion d&#8217;entrep\u00f4t a \u00e9t\u00e9 motiv\u00e9 par le souhait d&#8217;augmenter les performances et la flexibilit\u00e9 dans tous les domaines fonctionnels. Cela devrait \u00eatre r\u00e9alis\u00e9 sur la base d&#8217;un logiciel standardis\u00e9. L&#8217;entreprise a \u00e9galement fait confiance \u00e0 l&#8217;entreprise de syst\u00e8mes intralogistiques proLogistik pour le choix du mat\u00e9riel n\u00e9cessaire \u00e0 la saisie mobile des donn\u00e9es.<\/p>\n\n<h2 class=\"gb-headline gb-headline-9af72ef9 gb-headline-text\">Avantages du logiciel proLogistik Group<\/h2>\n\n<p>La solution standard, sp\u00e9cialement d\u00e9velopp\u00e9e pour le secteur des mat\u00e9riaux de construction, pr\u00e9sente les avantages d&#8217;un tr\u00e8s large \u00e9ventail d&#8217;articles ainsi que de processus de traitement variables et de lieux de stockage am\u00e9nag\u00e9s de diff\u00e9rentes mani\u00e8res. Cela permet de gagner du temps, car il n&#8217;est pas n\u00e9cessaire de programmer une multitude de fonctions en plus, ce qui est co\u00fbteux.<\/p>\n\n<h2 class=\"gb-headline gb-headline-fc977574 gb-headline-text\">WMS Facts sp\u00e9cifiques aux clients<\/h2>\n\n<ul class=\"wp-block-list\">\n<li>Connexion AKL<\/li>\n\n\n\n<li>Connexion Heidler Strichcode GmbH<\/li>\n\n\n\n<li>Entrep\u00f4t \u00e0 all\u00e9es \u00e9troites<\/li>\n\n\n\n<li>Processus sp\u00e9ciaux dans la r\u00e9ception des marchandises ainsi que dans l&#8217;entrep\u00f4t ext\u00e9rieur et l&#8217;entrep\u00f4t du point de vente<\/li>\n\n\n\n<li>Stockage et manipulation de petites pi\u00e8ces<\/li>\n\n\n\n<li>Une vente au comptoir sans probl\u00e8me<\/li>\n\n\n\n<li>Gestion des stocks en ligne, y compris Contr\u00f4le par code-barres Inventaire permanent<\/li>\n<\/ul>\n\n<h2 class=\"gb-headline gb-headline-c10e39b4 gb-headline-text\">Faits sur le mat\u00e9riel<\/h2>\n\n<p>Composants :<\/p>\n\n<ul class=\"wp-block-list\">\n<li>Android MDE<\/li>\n\n\n\n<li>PC industriels de la s\u00e9rie pro-V-pad<\/li>\n<\/ul>\n\n<blockquote class=\"wp-block-quote is-layout-flow wp-block-quote-is-layout-flow\">\n<p>&#8220;En m\u00eame temps, nous nous voyons aujourd&#8217;hui parfaitement arm\u00e9s pour pouvoir reproduire directement dans le logiciel de gestion d&#8217;entrep\u00f4t des gammes de produits croissantes et nouvelles \u00e0 l&#8217;avenir, en liaison avec des exigences de processus modifi\u00e9es&#8221;.<\/p>\n<cite>Udo Bach, PDG<\/cite><\/blockquote>\n","protected":false},"excerpt":{"rendered":"<p>L&#8217;entreprise de commerce de gros M. Bach GmbH, sp\u00e9cialis\u00e9e dans la technique du b\u00e2timent, a remplac\u00e9 un syst\u00e8me de gestion d&#8217;entrep\u00f4t existant dans son entrep\u00f4t central d&#8217;Eschweiler par la solution sectorielle pL-Store\u00ae Techline. Secteur : Commerce de gros d&#8217;\u00e9quipements sanitaires, de chauffage et de plomberie \u00c0 propos de M. Bach GmbH Raisons du changement Le changement de syst\u00e8me de gestion d&#8217;entrep\u00f4t a \u00e9t\u00e9 motiv\u00e9 par le souhait d&#8217;augmenter les performances et la flexibilit\u00e9 dans tous les domaines fonctionnels. Cela devrait \u00eatre r\u00e9alis\u00e9 sur la base d&#8217;un logiciel standardis\u00e9. L&#8217;entreprise a \u00e9galement fait confiance \u00e0 l&#8217;entreprise de syst\u00e8mes intralogistiques proLogistik pour le choix du mat\u00e9riel n\u00e9cessaire \u00e0 la saisie mobile des donn\u00e9es. Avantages du logiciel proLogistik Group La solution standard, sp\u00e9cialement d\u00e9velopp\u00e9e pour le secteur des mat\u00e9riaux de construction, pr\u00e9sente les avantages d&#8217;un tr\u00e8s large \u00e9ventail d&#8217;articles ainsi que de processus de traitement variables et de lieux de stockage am\u00e9nag\u00e9s de diff\u00e9rentes mani\u00e8res. Cela permet de gagner du temps, car il n&#8217;est pas n\u00e9cessaire de programmer une multitude de fonctions en plus, ce qui est co\u00fbteux. WMS Facts sp\u00e9cifiques aux clients Faits sur le mat\u00e9riel Composants : &#8220;En m\u00eame temps, nous nous voyons aujourd&#8217;hui parfaitement arm\u00e9s pour pouvoir reproduire directement dans &#8230; <a title=\"M. Bach mise sur les solutions de proLogistik Group\" class=\"read-more\" href=\"https:\/\/www.prologistik.com\/fr\/m-bach-mise-sur-les-solutions-de-prologistik-group\/\" aria-label=\"En savoir plus sur M. Bach mise sur les solutions de proLogistik Group\">Lire plus<\/a><\/p>\n","protected":false},"author":1,"featured_media":31084,"comment_status":"closed","ping_status":"closed","sticky":false,"template":"","format":"standard","meta":{"_acf_changed":false,"footnotes":""},"categories":[322],"tags":[],"class_list":["post-31082","post","type-post","status-publish","format-standard","has-post-thumbnail","hentry","category-success-stories-fr"],"acf":[],"yoast_head":"<!-- This site is optimized with the Yoast SEO Premium plugin v26.9 (Yoast SEO v27.5) - https:\/\/yoast.com\/product\/yoast-seo-premium-wordpress\/ -->\n<title>M. Bach mise sur les solutions sectorielles de proLogistik Group<\/title>\n<meta name=\"description\" content=\"M. Bach remplace son syst\u00e8me de gestion d&#039;entrep\u00f4t par la solution sectorielle proLogistik pL-Store\u00ae Techline pour une performance &amp; une flexibilit\u00e9 accrues \u25baEn savoir plus maintenant !\" \/>\n<meta name=\"robots\" content=\"index, follow, max-snippet:-1, max-image-preview:large, max-video-preview:-1\" \/>\n<link rel=\"canonical\" href=\"https:\/\/www.prologistik.com\/fr\/m-bach-mise-sur-les-solutions-de-prologistik-group\/\" \/>\n<meta property=\"og:locale\" content=\"fr_FR\" \/>\n<meta property=\"og:type\" content=\"article\" \/>\n<meta property=\"og:title\" content=\"M. Bach mise sur les solutions de proLogistik Group\" \/>\n<meta property=\"og:description\" content=\"M. Bach remplace son syst\u00e8me de gestion d&#039;entrep\u00f4t par la solution sectorielle proLogistik pL-Store\u00ae Techline pour une performance &amp; une flexibilit\u00e9 accrues \u25baEn savoir plus maintenant !\" \/>\n<meta property=\"og:url\" content=\"https:\/\/www.prologistik.com\/fr\/m-bach-mise-sur-les-solutions-de-prologistik-group\/\" \/>\n<meta property=\"og:site_name\" content=\"proLogistik Group\" \/>\n<meta property=\"article:published_time\" content=\"2022-05-17T05:54:00+00:00\" \/>\n<meta property=\"article:modified_time\" content=\"2024-03-12T15:17:16+00:00\" \/>\n<meta property=\"og:image\" content=\"https:\/\/www.prologistik.com\/wp-content\/uploads\/m_bach-1.jpg\" \/>\n\t<meta property=\"og:image:width\" content=\"920\" \/>\n\t<meta property=\"og:image:height\" content=\"550\" \/>\n\t<meta property=\"og:image:type\" content=\"image\/jpeg\" \/>\n<meta name=\"author\" content=\"pixel-admin\" \/>\n<meta name=\"twitter:card\" content=\"summary_large_image\" \/>\n<meta name=\"twitter:label1\" content=\"\u00c9crit par\" \/>\n\t<meta name=\"twitter:data1\" content=\"pixel-admin\" \/>\n\t<meta name=\"twitter:label2\" content=\"Dur\u00e9e de lecture estim\u00e9e\" \/>\n\t<meta name=\"twitter:data2\" content=\"2 minutes\" \/>\n<script type=\"application\/ld+json\" class=\"yoast-schema-graph\">{\"@context\":\"https:\\\/\\\/schema.org\",\"@graph\":[{\"@type\":\"Article\",\"@id\":\"https:\\\/\\\/www.prologistik.com\\\/fr\\\/m-bach-mise-sur-les-solutions-de-prologistik-group\\\/#article\",\"isPartOf\":{\"@id\":\"https:\\\/\\\/www.prologistik.com\\\/fr\\\/m-bach-mise-sur-les-solutions-de-prologistik-group\\\/\"},\"author\":{\"name\":\"pixel-admin\",\"@id\":\"https:\\\/\\\/www.prologistik.com\\\/fr\\\/#\\\/schema\\\/person\\\/6cebda3dd2866d9f012490a7862da921\"},\"headline\":\"M. Bach mise sur les solutions de proLogistik Group\",\"datePublished\":\"2022-05-17T05:54:00+00:00\",\"dateModified\":\"2024-03-12T15:17:16+00:00\",\"mainEntityOfPage\":{\"@id\":\"https:\\\/\\\/www.prologistik.com\\\/fr\\\/m-bach-mise-sur-les-solutions-de-prologistik-group\\\/\"},\"wordCount\":372,\"publisher\":{\"@id\":\"https:\\\/\\\/www.prologistik.com\\\/fr\\\/#organization\"},\"image\":{\"@id\":\"https:\\\/\\\/www.prologistik.com\\\/fr\\\/m-bach-mise-sur-les-solutions-de-prologistik-group\\\/#primaryimage\"},\"thumbnailUrl\":\"https:\\\/\\\/www.prologistik.com\\\/wp-content\\\/uploads\\\/m_bach-1.jpg\",\"articleSection\":[\"Success stories\"],\"inLanguage\":\"fr-FR\"},{\"@type\":\"WebPage\",\"@id\":\"https:\\\/\\\/www.prologistik.com\\\/fr\\\/m-bach-mise-sur-les-solutions-de-prologistik-group\\\/\",\"url\":\"https:\\\/\\\/www.prologistik.com\\\/fr\\\/m-bach-mise-sur-les-solutions-de-prologistik-group\\\/\",\"name\":\"M. Bach mise sur les solutions sectorielles de proLogistik Group\",\"isPartOf\":{\"@id\":\"https:\\\/\\\/www.prologistik.com\\\/fr\\\/#website\"},\"primaryImageOfPage\":{\"@id\":\"https:\\\/\\\/www.prologistik.com\\\/fr\\\/m-bach-mise-sur-les-solutions-de-prologistik-group\\\/#primaryimage\"},\"image\":{\"@id\":\"https:\\\/\\\/www.prologistik.com\\\/fr\\\/m-bach-mise-sur-les-solutions-de-prologistik-group\\\/#primaryimage\"},\"thumbnailUrl\":\"https:\\\/\\\/www.prologistik.com\\\/wp-content\\\/uploads\\\/m_bach-1.jpg\",\"datePublished\":\"2022-05-17T05:54:00+00:00\",\"dateModified\":\"2024-03-12T15:17:16+00:00\",\"description\":\"M. Bach remplace son syst\u00e8me de gestion d'entrep\u00f4t par la solution sectorielle proLogistik pL-Store\u00ae Techline pour une performance & une flexibilit\u00e9 accrues \u25baEn savoir plus maintenant !\",\"breadcrumb\":{\"@id\":\"https:\\\/\\\/www.prologistik.com\\\/fr\\\/m-bach-mise-sur-les-solutions-de-prologistik-group\\\/#breadcrumb\"},\"inLanguage\":\"fr-FR\",\"potentialAction\":[{\"@type\":\"ReadAction\",\"target\":[\"https:\\\/\\\/www.prologistik.com\\\/fr\\\/m-bach-mise-sur-les-solutions-de-prologistik-group\\\/\"]}]},{\"@type\":\"ImageObject\",\"inLanguage\":\"fr-FR\",\"@id\":\"https:\\\/\\\/www.prologistik.com\\\/fr\\\/m-bach-mise-sur-les-solutions-de-prologistik-group\\\/#primaryimage\",\"url\":\"https:\\\/\\\/www.prologistik.com\\\/wp-content\\\/uploads\\\/m_bach-1.jpg\",\"contentUrl\":\"https:\\\/\\\/www.prologistik.com\\\/wp-content\\\/uploads\\\/m_bach-1.jpg\",\"width\":920,\"height\":550},{\"@type\":\"BreadcrumbList\",\"@id\":\"https:\\\/\\\/www.prologistik.com\\\/fr\\\/m-bach-mise-sur-les-solutions-de-prologistik-group\\\/#breadcrumb\",\"itemListElement\":[{\"@type\":\"ListItem\",\"position\":1,\"name\":\"Startseite\",\"item\":\"https:\\\/\\\/www.prologistik.com\\\/fr\\\/\"},{\"@type\":\"ListItem\",\"position\":2,\"name\":\"M. Bach mise sur les solutions de proLogistik Group\"}]},{\"@type\":\"WebSite\",\"@id\":\"https:\\\/\\\/www.prologistik.com\\\/fr\\\/#website\",\"url\":\"https:\\\/\\\/www.prologistik.com\\\/fr\\\/\",\"name\":\"proLogistik Group\",\"description\":\"Software und Hardware f\u00fcr die Intralogistik\",\"publisher\":{\"@id\":\"https:\\\/\\\/www.prologistik.com\\\/fr\\\/#organization\"},\"potentialAction\":[{\"@type\":\"SearchAction\",\"target\":{\"@type\":\"EntryPoint\",\"urlTemplate\":\"https:\\\/\\\/www.prologistik.com\\\/fr\\\/?s={search_term_string}\"},\"query-input\":{\"@type\":\"PropertyValueSpecification\",\"valueRequired\":true,\"valueName\":\"search_term_string\"}}],\"inLanguage\":\"fr-FR\"},{\"@type\":\"Organization\",\"@id\":\"https:\\\/\\\/www.prologistik.com\\\/fr\\\/#organization\",\"name\":\"proLogistik Group\",\"url\":\"https:\\\/\\\/www.prologistik.com\\\/fr\\\/\",\"logo\":{\"@type\":\"ImageObject\",\"inLanguage\":\"fr-FR\",\"@id\":\"https:\\\/\\\/www.prologistik.com\\\/fr\\\/#\\\/schema\\\/logo\\\/image\\\/\",\"url\":\"https:\\\/\\\/www.prologistik.com\\\/wp-content\\\/uploads\\\/prologistik-logo-web.svg\",\"contentUrl\":\"https:\\\/\\\/www.prologistik.com\\\/wp-content\\\/uploads\\\/prologistik-logo-web.svg\",\"width\":320,\"height\":59,\"caption\":\"proLogistik Group\"},\"image\":{\"@id\":\"https:\\\/\\\/www.prologistik.com\\\/fr\\\/#\\\/schema\\\/logo\\\/image\\\/\"}},{\"@type\":\"Person\",\"@id\":\"https:\\\/\\\/www.prologistik.com\\\/fr\\\/#\\\/schema\\\/person\\\/6cebda3dd2866d9f012490a7862da921\",\"name\":\"pixel-admin\",\"image\":{\"@type\":\"ImageObject\",\"inLanguage\":\"fr-FR\",\"@id\":\"https:\\\/\\\/secure.gravatar.com\\\/avatar\\\/785fddc6db887433d212271afce3ed342c0426d8cb3df410021c462d8973cb5e?s=96&d=mm&r=g\",\"url\":\"https:\\\/\\\/secure.gravatar.com\\\/avatar\\\/785fddc6db887433d212271afce3ed342c0426d8cb3df410021c462d8973cb5e?s=96&d=mm&r=g\",\"contentUrl\":\"https:\\\/\\\/secure.gravatar.com\\\/avatar\\\/785fddc6db887433d212271afce3ed342c0426d8cb3df410021c462d8973cb5e?s=96&d=mm&r=g\",\"caption\":\"pixel-admin\"},\"description\":\"test\",\"sameAs\":[\"https:\\\/\\\/www.prologistik.com\"],\"url\":\"https:\\\/\\\/www.prologistik.com\\\/fr\\\/author\\\/pixel-admin\\\/\"}]}<\/script>\n<!-- \/ Yoast SEO Premium plugin. -->","yoast_head_json":{"title":"M. Bach mise sur les solutions sectorielles de proLogistik Group","description":"M. Bach remplace son syst\u00e8me de gestion d'entrep\u00f4t par la solution sectorielle proLogistik pL-Store\u00ae Techline pour une performance & une flexibilit\u00e9 accrues \u25baEn savoir plus maintenant !","robots":{"index":"index","follow":"follow","max-snippet":"max-snippet:-1","max-image-preview":"max-image-preview:large","max-video-preview":"max-video-preview:-1"},"canonical":"https:\/\/www.prologistik.com\/fr\/m-bach-mise-sur-les-solutions-de-prologistik-group\/","og_locale":"fr_FR","og_type":"article","og_title":"M. Bach mise sur les solutions de proLogistik Group","og_description":"M. Bach remplace son syst\u00e8me de gestion d'entrep\u00f4t par la solution sectorielle proLogistik pL-Store\u00ae Techline pour une performance & une flexibilit\u00e9 accrues \u25baEn savoir plus maintenant !","og_url":"https:\/\/www.prologistik.com\/fr\/m-bach-mise-sur-les-solutions-de-prologistik-group\/","og_site_name":"proLogistik Group","article_published_time":"2022-05-17T05:54:00+00:00","article_modified_time":"2024-03-12T15:17:16+00:00","og_image":[{"width":920,"height":550,"url":"https:\/\/www.prologistik.com\/wp-content\/uploads\/m_bach-1.jpg","type":"image\/jpeg"}],"author":"pixel-admin","twitter_card":"summary_large_image","twitter_misc":{"\u00c9crit par":"pixel-admin","Dur\u00e9e de lecture estim\u00e9e":"2 minutes"},"schema":{"@context":"https:\/\/schema.org","@graph":[{"@type":"Article","@id":"https:\/\/www.prologistik.com\/fr\/m-bach-mise-sur-les-solutions-de-prologistik-group\/#article","isPartOf":{"@id":"https:\/\/www.prologistik.com\/fr\/m-bach-mise-sur-les-solutions-de-prologistik-group\/"},"author":{"name":"pixel-admin","@id":"https:\/\/www.prologistik.com\/fr\/#\/schema\/person\/6cebda3dd2866d9f012490a7862da921"},"headline":"M. Bach mise sur les solutions de proLogistik Group","datePublished":"2022-05-17T05:54:00+00:00","dateModified":"2024-03-12T15:17:16+00:00","mainEntityOfPage":{"@id":"https:\/\/www.prologistik.com\/fr\/m-bach-mise-sur-les-solutions-de-prologistik-group\/"},"wordCount":372,"publisher":{"@id":"https:\/\/www.prologistik.com\/fr\/#organization"},"image":{"@id":"https:\/\/www.prologistik.com\/fr\/m-bach-mise-sur-les-solutions-de-prologistik-group\/#primaryimage"},"thumbnailUrl":"https:\/\/www.prologistik.com\/wp-content\/uploads\/m_bach-1.jpg","articleSection":["Success stories"],"inLanguage":"fr-FR"},{"@type":"WebPage","@id":"https:\/\/www.prologistik.com\/fr\/m-bach-mise-sur-les-solutions-de-prologistik-group\/","url":"https:\/\/www.prologistik.com\/fr\/m-bach-mise-sur-les-solutions-de-prologistik-group\/","name":"M. Bach mise sur les solutions sectorielles de proLogistik Group","isPartOf":{"@id":"https:\/\/www.prologistik.com\/fr\/#website"},"primaryImageOfPage":{"@id":"https:\/\/www.prologistik.com\/fr\/m-bach-mise-sur-les-solutions-de-prologistik-group\/#primaryimage"},"image":{"@id":"https:\/\/www.prologistik.com\/fr\/m-bach-mise-sur-les-solutions-de-prologistik-group\/#primaryimage"},"thumbnailUrl":"https:\/\/www.prologistik.com\/wp-content\/uploads\/m_bach-1.jpg","datePublished":"2022-05-17T05:54:00+00:00","dateModified":"2024-03-12T15:17:16+00:00","description":"M. Bach remplace son syst\u00e8me de gestion d'entrep\u00f4t par la solution sectorielle proLogistik pL-Store\u00ae Techline pour une performance & une flexibilit\u00e9 accrues \u25baEn savoir plus maintenant !","breadcrumb":{"@id":"https:\/\/www.prologistik.com\/fr\/m-bach-mise-sur-les-solutions-de-prologistik-group\/#breadcrumb"},"inLanguage":"fr-FR","potentialAction":[{"@type":"ReadAction","target":["https:\/\/www.prologistik.com\/fr\/m-bach-mise-sur-les-solutions-de-prologistik-group\/"]}]},{"@type":"ImageObject","inLanguage":"fr-FR","@id":"https:\/\/www.prologistik.com\/fr\/m-bach-mise-sur-les-solutions-de-prologistik-group\/#primaryimage","url":"https:\/\/www.prologistik.com\/wp-content\/uploads\/m_bach-1.jpg","contentUrl":"https:\/\/www.prologistik.com\/wp-content\/uploads\/m_bach-1.jpg","width":920,"height":550},{"@type":"BreadcrumbList","@id":"https:\/\/www.prologistik.com\/fr\/m-bach-mise-sur-les-solutions-de-prologistik-group\/#breadcrumb","itemListElement":[{"@type":"ListItem","position":1,"name":"Startseite","item":"https:\/\/www.prologistik.com\/fr\/"},{"@type":"ListItem","position":2,"name":"M. Bach mise sur les solutions de proLogistik Group"}]},{"@type":"WebSite","@id":"https:\/\/www.prologistik.com\/fr\/#website","url":"https:\/\/www.prologistik.com\/fr\/","name":"proLogistik Group","description":"Software und Hardware f\u00fcr die Intralogistik","publisher":{"@id":"https:\/\/www.prologistik.com\/fr\/#organization"},"potentialAction":[{"@type":"SearchAction","target":{"@type":"EntryPoint","urlTemplate":"https:\/\/www.prologistik.com\/fr\/?s={search_term_string}"},"query-input":{"@type":"PropertyValueSpecification","valueRequired":true,"valueName":"search_term_string"}}],"inLanguage":"fr-FR"},{"@type":"Organization","@id":"https:\/\/www.prologistik.com\/fr\/#organization","name":"proLogistik Group","url":"https:\/\/www.prologistik.com\/fr\/","logo":{"@type":"ImageObject","inLanguage":"fr-FR","@id":"https:\/\/www.prologistik.com\/fr\/#\/schema\/logo\/image\/","url":"https:\/\/www.prologistik.com\/wp-content\/uploads\/prologistik-logo-web.svg","contentUrl":"https:\/\/www.prologistik.com\/wp-content\/uploads\/prologistik-logo-web.svg","width":320,"height":59,"caption":"proLogistik Group"},"image":{"@id":"https:\/\/www.prologistik.com\/fr\/#\/schema\/logo\/image\/"}},{"@type":"Person","@id":"https:\/\/www.prologistik.com\/fr\/#\/schema\/person\/6cebda3dd2866d9f012490a7862da921","name":"pixel-admin","image":{"@type":"ImageObject","inLanguage":"fr-FR","@id":"https:\/\/secure.gravatar.com\/avatar\/785fddc6db887433d212271afce3ed342c0426d8cb3df410021c462d8973cb5e?s=96&d=mm&r=g","url":"https:\/\/secure.gravatar.com\/avatar\/785fddc6db887433d212271afce3ed342c0426d8cb3df410021c462d8973cb5e?s=96&d=mm&r=g","contentUrl":"https:\/\/secure.gravatar.com\/avatar\/785fddc6db887433d212271afce3ed342c0426d8cb3df410021c462d8973cb5e?s=96&d=mm&r=g","caption":"pixel-admin"},"description":"test","sameAs":["https:\/\/www.prologistik.com"],"url":"https:\/\/www.prologistik.com\/fr\/author\/pixel-admin\/"}]}},"_links":{"self":[{"href":"https:\/\/www.prologistik.com\/fr\/wp-json\/wp\/v2\/posts\/31082","targetHints":{"allow":["GET"]}}],"collection":[{"href":"https:\/\/www.prologistik.com\/fr\/wp-json\/wp\/v2\/posts"}],"about":[{"href":"https:\/\/www.prologistik.com\/fr\/wp-json\/wp\/v2\/types\/post"}],"author":[{"embeddable":true,"href":"https:\/\/www.prologistik.com\/fr\/wp-json\/wp\/v2\/users\/1"}],"replies":[{"embeddable":true,"href":"https:\/\/www.prologistik.com\/fr\/wp-json\/wp\/v2\/comments?post=31082"}],"version-history":[{"count":1,"href":"https:\/\/www.prologistik.com\/fr\/wp-json\/wp\/v2\/posts\/31082\/revisions"}],"predecessor-version":[{"id":31085,"href":"https:\/\/www.prologistik.com\/fr\/wp-json\/wp\/v2\/posts\/31082\/revisions\/31085"}],"wp:featuredmedia":[{"embeddable":true,"href":"https:\/\/www.prologistik.com\/fr\/wp-json\/wp\/v2\/media\/31084"}],"wp:attachment":[{"href":"https:\/\/www.prologistik.com\/fr\/wp-json\/wp\/v2\/media?parent=31082"}],"wp:term":[{"taxonomy":"category","embeddable":true,"href":"https:\/\/www.prologistik.com\/fr\/wp-json\/wp\/v2\/categories?post=31082"},{"taxonomy":"post_tag","embeddable":true,"href":"https:\/\/www.prologistik.com\/fr\/wp-json\/wp\/v2\/tags?post=31082"}],"curies":[{"name":"wp","href":"https:\/\/api.w.org\/{rel}","templated":true}]}}