{"id":30983,"date":"2023-07-17T12:26:49","date_gmt":"2023-07-17T10:26:49","guid":{"rendered":"https:\/\/prologistik.pixel-tal.de\/magazin\/news\/depart-a-la-retraite-apres-34-ans-de-prologistik"},"modified":"2024-10-02T09:44:50","modified_gmt":"2024-10-02T07:44:50","slug":"depart-a-la-retraite-apres-34-ans-de-prologistik","status":"publish","type":"post","link":"https:\/\/www.prologistik.com\/fr\/depart-a-la-retraite-apres-34-ans-de-prologistik\/","title":{"rendered":"Retirement after 34 years with proLogistik"},"content":{"rendered":"\n<p>We held a small celebration to bid farewell to our dear colleague Thomas Buchmann on his well-deserved retirement. In his review of almost 35 years of service, CEO J\u00f6rg S\u00e4nger emphasized how important long-standing employees and their wealth of experience are for our company.<\/p>\n\n\n\n<p>His career at the former proLogistik GmbH + Co KG began on April 1, 1989 as a software developer and project manager. He was subsequently responsible for software development, production and support as head of the software department from December 1999 to October 2006.  <\/p>\n\n\n\n<p>After the software department was split up, he most recently worked as Team Leader Software Support and also took on tasks relating to the Customer Service and Service Center department. After the integration of the system house pL-Co-Team, he was responsible for the system center as team leader.  <\/p>\n\n\n\n<p>He was also responsible for technology partnerships (Base100, Oracle, IBM\/Lenovo) including the associated contract and license management. As a specialist for database licensing and server solutions in consulting for IT platforms for warehouse management and control systems, he acted in the acquisition phase and in IT project management during their implementation.  <\/p>\n\n\n\n<p>Thanks to his many years with the company, Thomas Buchmann was always a competent contact person for software issues right up to his last day at work. J\u00f6rg S\u00e4nger concluded by thanking him for the always good and pleasant cooperation and wished him good health and much joy in the new phase of his life. We also wish Thomas Buchmann all the best for this new chapter in his life and look forward to welcoming him to one or two events in the future.<\/p>\n","protected":false},"excerpt":{"rendered":"<p>We held a small celebration to bid farewell to our dear colleague Thomas Buchmann on his well-deserved retirement. In his review of almost 35 years of service, CEO J\u00f6rg S\u00e4nger emphasized how important long-standing employees and their wealth of experience are for our company. His career at the former proLogistik GmbH + Co KG began on April 1, 1989 as a software developer and project manager. He was subsequently responsible for software development, production and support as head of the software department from December 1999 to October 2006. After the software department was split up, he most recently worked as Team Leader Software Support and also took on tasks relating to the Customer Service and Service Center department. After the integration of the system house pL-Co-Team, he was responsible for the system center as team leader. He was also responsible for technology partnerships (Base100, Oracle, IBM\/Lenovo) including the associated contract and license management. As a specialist for database licensing and server solutions in consulting for IT platforms for warehouse management and control systems, he acted in the acquisition phase and in IT project management during their implementation. Thanks to his many years with the company, Thomas Buchmann was always a &#8230; <a title=\"Retirement after 34 years with proLogistik\" class=\"read-more\" href=\"https:\/\/www.prologistik.com\/fr\/depart-a-la-retraite-apres-34-ans-de-prologistik\/\" aria-label=\"En savoir plus sur Retirement after 34 years with proLogistik\">Lire plus<\/a><\/p>\n","protected":false},"author":92,"featured_media":32554,"comment_status":"closed","ping_status":"closed","sticky":false,"template":"","format":"standard","meta":{"_acf_changed":false,"footnotes":""},"categories":[136,1],"tags":[],"class_list":["post-30983","post","type-post","status-publish","format-standard","has-post-thumbnail","hentry","category-news","category-unkategorisiert"],"acf":[],"yoast_head":"<!-- This site is optimized with the Yoast SEO Premium plugin v26.9 (Yoast SEO v27.5) - https:\/\/yoast.com\/product\/yoast-seo-premium-wordpress\/ -->\n<title>Retirement after 34 years with proLogistik - proLogistik Group<\/title>\n<meta name=\"robots\" content=\"noindex, nofollow\" \/>\n<meta property=\"og:locale\" content=\"fr_FR\" \/>\n<meta property=\"og:type\" content=\"article\" \/>\n<meta property=\"og:title\" content=\"Retirement after 34 years with proLogistik\" \/>\n<meta property=\"og:description\" content=\"We held a small celebration to bid farewell to our dear colleague Thomas Buchmann on his well-deserved retirement. In his review of almost 35 years of service, CEO J\u00f6rg S\u00e4nger emphasized how important long-standing employees and their wealth of experience are for our company. His career at the former proLogistik GmbH + Co KG began on April 1, 1989 as a software developer and project manager. He was subsequently responsible for software development, production and support as head of the software department from December 1999 to October 2006. After the software department was split up, he most recently worked as Team Leader Software Support and also took on tasks relating to the Customer Service and Service Center department. After the integration of the system house pL-Co-Team, he was responsible for the system center as team leader. He was also responsible for technology partnerships (Base100, Oracle, IBM\/Lenovo) including the associated contract and license management. As a specialist for database licensing and server solutions in consulting for IT platforms for warehouse management and control systems, he acted in the acquisition phase and in IT project management during their implementation. Thanks to his many years with the company, Thomas Buchmann was always a ... Lire plus\" \/>\n<meta property=\"og:url\" content=\"https:\/\/www.prologistik.com\/fr\/depart-a-la-retraite-apres-34-ans-de-prologistik\/\" \/>\n<meta property=\"og:site_name\" content=\"proLogistik Group\" \/>\n<meta property=\"article:published_time\" content=\"2023-07-17T10:26:49+00:00\" \/>\n<meta property=\"article:modified_time\" content=\"2024-10-02T07:44:50+00:00\" \/>\n<meta property=\"og:image\" content=\"https:\/\/www.prologistik.com\/wp-content\/uploads\/pLG_Thomas-Buchmann_Verabschiedung_Newsbild_2023-2-1024x359.png\" \/>\n\t<meta property=\"og:image:width\" content=\"1024\" \/>\n\t<meta property=\"og:image:height\" content=\"359\" \/>\n\t<meta property=\"og:image:type\" content=\"image\/png\" \/>\n<meta name=\"author\" content=\"Stefanie B\u00f6rtz\" \/>\n<meta name=\"twitter:card\" content=\"summary_large_image\" \/>\n<meta name=\"twitter:label1\" content=\"\u00c9crit par\" \/>\n\t<meta name=\"twitter:data1\" content=\"Stefanie B\u00f6rtz\" \/>\n\t<meta name=\"twitter:label2\" content=\"Dur\u00e9e de lecture estim\u00e9e\" \/>\n\t<meta name=\"twitter:data2\" content=\"1 minute\" \/>\n<script type=\"application\/ld+json\" class=\"yoast-schema-graph\">{\"@context\":\"https:\\\/\\\/schema.org\",\"@graph\":[{\"@type\":\"Article\",\"@id\":\"https:\\\/\\\/www.prologistik.com\\\/fr\\\/depart-a-la-retraite-apres-34-ans-de-prologistik\\\/#article\",\"isPartOf\":{\"@id\":\"https:\\\/\\\/www.prologistik.com\\\/fr\\\/depart-a-la-retraite-apres-34-ans-de-prologistik\\\/\"},\"author\":{\"name\":\"Stefanie B\u00f6rtz\",\"@id\":\"https:\\\/\\\/www.prologistik.com\\\/fr\\\/#\\\/schema\\\/person\\\/07058186ccba524ef9fc3329eb7a6926\"},\"headline\":\"Retirement after 34 years with proLogistik\",\"datePublished\":\"2023-07-17T10:26:49+00:00\",\"dateModified\":\"2024-10-02T07:44:50+00:00\",\"mainEntityOfPage\":{\"@id\":\"https:\\\/\\\/www.prologistik.com\\\/fr\\\/depart-a-la-retraite-apres-34-ans-de-prologistik\\\/\"},\"wordCount\":275,\"publisher\":{\"@id\":\"https:\\\/\\\/www.prologistik.com\\\/fr\\\/#organization\"},\"image\":{\"@id\":\"https:\\\/\\\/www.prologistik.com\\\/fr\\\/depart-a-la-retraite-apres-34-ans-de-prologistik\\\/#primaryimage\"},\"thumbnailUrl\":\"https:\\\/\\\/www.prologistik.com\\\/wp-content\\\/uploads\\\/pLG_Thomas-Buchmann_Verabschiedung_Newsbild_2023-2.png\",\"articleSection\":[\"News\",\"Unkategorisiert\"],\"inLanguage\":\"fr-FR\"},{\"@type\":\"WebPage\",\"@id\":\"https:\\\/\\\/www.prologistik.com\\\/fr\\\/depart-a-la-retraite-apres-34-ans-de-prologistik\\\/\",\"url\":\"https:\\\/\\\/www.prologistik.com\\\/fr\\\/depart-a-la-retraite-apres-34-ans-de-prologistik\\\/\",\"name\":\"Retirement after 34 years with proLogistik - proLogistik Group\",\"isPartOf\":{\"@id\":\"https:\\\/\\\/www.prologistik.com\\\/fr\\\/#website\"},\"primaryImageOfPage\":{\"@id\":\"https:\\\/\\\/www.prologistik.com\\\/fr\\\/depart-a-la-retraite-apres-34-ans-de-prologistik\\\/#primaryimage\"},\"image\":{\"@id\":\"https:\\\/\\\/www.prologistik.com\\\/fr\\\/depart-a-la-retraite-apres-34-ans-de-prologistik\\\/#primaryimage\"},\"thumbnailUrl\":\"https:\\\/\\\/www.prologistik.com\\\/wp-content\\\/uploads\\\/pLG_Thomas-Buchmann_Verabschiedung_Newsbild_2023-2.png\",\"datePublished\":\"2023-07-17T10:26:49+00:00\",\"dateModified\":\"2024-10-02T07:44:50+00:00\",\"breadcrumb\":{\"@id\":\"https:\\\/\\\/www.prologistik.com\\\/fr\\\/depart-a-la-retraite-apres-34-ans-de-prologistik\\\/#breadcrumb\"},\"inLanguage\":\"fr-FR\",\"potentialAction\":[{\"@type\":\"ReadAction\",\"target\":[\"https:\\\/\\\/www.prologistik.com\\\/fr\\\/depart-a-la-retraite-apres-34-ans-de-prologistik\\\/\"]}]},{\"@type\":\"ImageObject\",\"inLanguage\":\"fr-FR\",\"@id\":\"https:\\\/\\\/www.prologistik.com\\\/fr\\\/depart-a-la-retraite-apres-34-ans-de-prologistik\\\/#primaryimage\",\"url\":\"https:\\\/\\\/www.prologistik.com\\\/wp-content\\\/uploads\\\/pLG_Thomas-Buchmann_Verabschiedung_Newsbild_2023-2.png\",\"contentUrl\":\"https:\\\/\\\/www.prologistik.com\\\/wp-content\\\/uploads\\\/pLG_Thomas-Buchmann_Verabschiedung_Newsbild_2023-2.png\",\"width\":2142,\"height\":750},{\"@type\":\"BreadcrumbList\",\"@id\":\"https:\\\/\\\/www.prologistik.com\\\/fr\\\/depart-a-la-retraite-apres-34-ans-de-prologistik\\\/#breadcrumb\",\"itemListElement\":[{\"@type\":\"ListItem\",\"position\":1,\"name\":\"Startseite\",\"item\":\"https:\\\/\\\/www.prologistik.com\\\/fr\\\/\"},{\"@type\":\"ListItem\",\"position\":2,\"name\":\"Retirement after 34 years with proLogistik\"}]},{\"@type\":\"WebSite\",\"@id\":\"https:\\\/\\\/www.prologistik.com\\\/fr\\\/#website\",\"url\":\"https:\\\/\\\/www.prologistik.com\\\/fr\\\/\",\"name\":\"proLogistik Group\",\"description\":\"Software und Hardware f\u00fcr die Intralogistik\",\"publisher\":{\"@id\":\"https:\\\/\\\/www.prologistik.com\\\/fr\\\/#organization\"},\"potentialAction\":[{\"@type\":\"SearchAction\",\"target\":{\"@type\":\"EntryPoint\",\"urlTemplate\":\"https:\\\/\\\/www.prologistik.com\\\/fr\\\/?s={search_term_string}\"},\"query-input\":{\"@type\":\"PropertyValueSpecification\",\"valueRequired\":true,\"valueName\":\"search_term_string\"}}],\"inLanguage\":\"fr-FR\"},{\"@type\":\"Organization\",\"@id\":\"https:\\\/\\\/www.prologistik.com\\\/fr\\\/#organization\",\"name\":\"proLogistik Group\",\"url\":\"https:\\\/\\\/www.prologistik.com\\\/fr\\\/\",\"logo\":{\"@type\":\"ImageObject\",\"inLanguage\":\"fr-FR\",\"@id\":\"https:\\\/\\\/www.prologistik.com\\\/fr\\\/#\\\/schema\\\/logo\\\/image\\\/\",\"url\":\"https:\\\/\\\/www.prologistik.com\\\/wp-content\\\/uploads\\\/prologistik-logo-web.svg\",\"contentUrl\":\"https:\\\/\\\/www.prologistik.com\\\/wp-content\\\/uploads\\\/prologistik-logo-web.svg\",\"width\":320,\"height\":59,\"caption\":\"proLogistik Group\"},\"image\":{\"@id\":\"https:\\\/\\\/www.prologistik.com\\\/fr\\\/#\\\/schema\\\/logo\\\/image\\\/\"}},{\"@type\":\"Person\",\"@id\":\"https:\\\/\\\/www.prologistik.com\\\/fr\\\/#\\\/schema\\\/person\\\/07058186ccba524ef9fc3329eb7a6926\",\"name\":\"Stefanie B\u00f6rtz\",\"image\":{\"@type\":\"ImageObject\",\"inLanguage\":\"fr-FR\",\"@id\":\"https:\\\/\\\/secure.gravatar.com\\\/avatar\\\/574c23ad694f486249ba8c3fdb6fade76ab341c9247a12099938d7b60ffede64?s=96&d=mm&r=g\",\"url\":\"https:\\\/\\\/secure.gravatar.com\\\/avatar\\\/574c23ad694f486249ba8c3fdb6fade76ab341c9247a12099938d7b60ffede64?s=96&d=mm&r=g\",\"contentUrl\":\"https:\\\/\\\/secure.gravatar.com\\\/avatar\\\/574c23ad694f486249ba8c3fdb6fade76ab341c9247a12099938d7b60ffede64?s=96&d=mm&r=g\",\"caption\":\"Stefanie B\u00f6rtz\"},\"url\":\"https:\\\/\\\/www.prologistik.com\\\/fr\\\/author\\\/pl-stbo\\\/\"}]}<\/script>\n<!-- \/ Yoast SEO Premium plugin. -->","yoast_head_json":{"title":"Retirement after 34 years with proLogistik - proLogistik Group","robots":{"index":"noindex","follow":"nofollow"},"og_locale":"fr_FR","og_type":"article","og_title":"Retirement after 34 years with proLogistik","og_description":"We held a small celebration to bid farewell to our dear colleague Thomas Buchmann on his well-deserved retirement. In his review of almost 35 years of service, CEO J\u00f6rg S\u00e4nger emphasized how important long-standing employees and their wealth of experience are for our company. His career at the former proLogistik GmbH + Co KG began on April 1, 1989 as a software developer and project manager. He was subsequently responsible for software development, production and support as head of the software department from December 1999 to October 2006. After the software department was split up, he most recently worked as Team Leader Software Support and also took on tasks relating to the Customer Service and Service Center department. After the integration of the system house pL-Co-Team, he was responsible for the system center as team leader. He was also responsible for technology partnerships (Base100, Oracle, IBM\/Lenovo) including the associated contract and license management. As a specialist for database licensing and server solutions in consulting for IT platforms for warehouse management and control systems, he acted in the acquisition phase and in IT project management during their implementation. Thanks to his many years with the company, Thomas Buchmann was always a ... Lire plus","og_url":"https:\/\/www.prologistik.com\/fr\/depart-a-la-retraite-apres-34-ans-de-prologistik\/","og_site_name":"proLogistik Group","article_published_time":"2023-07-17T10:26:49+00:00","article_modified_time":"2024-10-02T07:44:50+00:00","og_image":[{"width":1024,"height":359,"url":"https:\/\/www.prologistik.com\/wp-content\/uploads\/pLG_Thomas-Buchmann_Verabschiedung_Newsbild_2023-2-1024x359.png","type":"image\/png"}],"author":"Stefanie B\u00f6rtz","twitter_card":"summary_large_image","twitter_misc":{"\u00c9crit par":"Stefanie B\u00f6rtz","Dur\u00e9e de lecture estim\u00e9e":"1 minute"},"schema":{"@context":"https:\/\/schema.org","@graph":[{"@type":"Article","@id":"https:\/\/www.prologistik.com\/fr\/depart-a-la-retraite-apres-34-ans-de-prologistik\/#article","isPartOf":{"@id":"https:\/\/www.prologistik.com\/fr\/depart-a-la-retraite-apres-34-ans-de-prologistik\/"},"author":{"name":"Stefanie B\u00f6rtz","@id":"https:\/\/www.prologistik.com\/fr\/#\/schema\/person\/07058186ccba524ef9fc3329eb7a6926"},"headline":"Retirement after 34 years with proLogistik","datePublished":"2023-07-17T10:26:49+00:00","dateModified":"2024-10-02T07:44:50+00:00","mainEntityOfPage":{"@id":"https:\/\/www.prologistik.com\/fr\/depart-a-la-retraite-apres-34-ans-de-prologistik\/"},"wordCount":275,"publisher":{"@id":"https:\/\/www.prologistik.com\/fr\/#organization"},"image":{"@id":"https:\/\/www.prologistik.com\/fr\/depart-a-la-retraite-apres-34-ans-de-prologistik\/#primaryimage"},"thumbnailUrl":"https:\/\/www.prologistik.com\/wp-content\/uploads\/pLG_Thomas-Buchmann_Verabschiedung_Newsbild_2023-2.png","articleSection":["News","Unkategorisiert"],"inLanguage":"fr-FR"},{"@type":"WebPage","@id":"https:\/\/www.prologistik.com\/fr\/depart-a-la-retraite-apres-34-ans-de-prologistik\/","url":"https:\/\/www.prologistik.com\/fr\/depart-a-la-retraite-apres-34-ans-de-prologistik\/","name":"Retirement after 34 years with proLogistik - proLogistik Group","isPartOf":{"@id":"https:\/\/www.prologistik.com\/fr\/#website"},"primaryImageOfPage":{"@id":"https:\/\/www.prologistik.com\/fr\/depart-a-la-retraite-apres-34-ans-de-prologistik\/#primaryimage"},"image":{"@id":"https:\/\/www.prologistik.com\/fr\/depart-a-la-retraite-apres-34-ans-de-prologistik\/#primaryimage"},"thumbnailUrl":"https:\/\/www.prologistik.com\/wp-content\/uploads\/pLG_Thomas-Buchmann_Verabschiedung_Newsbild_2023-2.png","datePublished":"2023-07-17T10:26:49+00:00","dateModified":"2024-10-02T07:44:50+00:00","breadcrumb":{"@id":"https:\/\/www.prologistik.com\/fr\/depart-a-la-retraite-apres-34-ans-de-prologistik\/#breadcrumb"},"inLanguage":"fr-FR","potentialAction":[{"@type":"ReadAction","target":["https:\/\/www.prologistik.com\/fr\/depart-a-la-retraite-apres-34-ans-de-prologistik\/"]}]},{"@type":"ImageObject","inLanguage":"fr-FR","@id":"https:\/\/www.prologistik.com\/fr\/depart-a-la-retraite-apres-34-ans-de-prologistik\/#primaryimage","url":"https:\/\/www.prologistik.com\/wp-content\/uploads\/pLG_Thomas-Buchmann_Verabschiedung_Newsbild_2023-2.png","contentUrl":"https:\/\/www.prologistik.com\/wp-content\/uploads\/pLG_Thomas-Buchmann_Verabschiedung_Newsbild_2023-2.png","width":2142,"height":750},{"@type":"BreadcrumbList","@id":"https:\/\/www.prologistik.com\/fr\/depart-a-la-retraite-apres-34-ans-de-prologistik\/#breadcrumb","itemListElement":[{"@type":"ListItem","position":1,"name":"Startseite","item":"https:\/\/www.prologistik.com\/fr\/"},{"@type":"ListItem","position":2,"name":"Retirement after 34 years with proLogistik"}]},{"@type":"WebSite","@id":"https:\/\/www.prologistik.com\/fr\/#website","url":"https:\/\/www.prologistik.com\/fr\/","name":"proLogistik Group","description":"Software und Hardware f\u00fcr die Intralogistik","publisher":{"@id":"https:\/\/www.prologistik.com\/fr\/#organization"},"potentialAction":[{"@type":"SearchAction","target":{"@type":"EntryPoint","urlTemplate":"https:\/\/www.prologistik.com\/fr\/?s={search_term_string}"},"query-input":{"@type":"PropertyValueSpecification","valueRequired":true,"valueName":"search_term_string"}}],"inLanguage":"fr-FR"},{"@type":"Organization","@id":"https:\/\/www.prologistik.com\/fr\/#organization","name":"proLogistik Group","url":"https:\/\/www.prologistik.com\/fr\/","logo":{"@type":"ImageObject","inLanguage":"fr-FR","@id":"https:\/\/www.prologistik.com\/fr\/#\/schema\/logo\/image\/","url":"https:\/\/www.prologistik.com\/wp-content\/uploads\/prologistik-logo-web.svg","contentUrl":"https:\/\/www.prologistik.com\/wp-content\/uploads\/prologistik-logo-web.svg","width":320,"height":59,"caption":"proLogistik Group"},"image":{"@id":"https:\/\/www.prologistik.com\/fr\/#\/schema\/logo\/image\/"}},{"@type":"Person","@id":"https:\/\/www.prologistik.com\/fr\/#\/schema\/person\/07058186ccba524ef9fc3329eb7a6926","name":"Stefanie B\u00f6rtz","image":{"@type":"ImageObject","inLanguage":"fr-FR","@id":"https:\/\/secure.gravatar.com\/avatar\/574c23ad694f486249ba8c3fdb6fade76ab341c9247a12099938d7b60ffede64?s=96&d=mm&r=g","url":"https:\/\/secure.gravatar.com\/avatar\/574c23ad694f486249ba8c3fdb6fade76ab341c9247a12099938d7b60ffede64?s=96&d=mm&r=g","contentUrl":"https:\/\/secure.gravatar.com\/avatar\/574c23ad694f486249ba8c3fdb6fade76ab341c9247a12099938d7b60ffede64?s=96&d=mm&r=g","caption":"Stefanie B\u00f6rtz"},"url":"https:\/\/www.prologistik.com\/fr\/author\/pl-stbo\/"}]}},"_links":{"self":[{"href":"https:\/\/www.prologistik.com\/fr\/wp-json\/wp\/v2\/posts\/30983","targetHints":{"allow":["GET"]}}],"collection":[{"href":"https:\/\/www.prologistik.com\/fr\/wp-json\/wp\/v2\/posts"}],"about":[{"href":"https:\/\/www.prologistik.com\/fr\/wp-json\/wp\/v2\/types\/post"}],"author":[{"embeddable":true,"href":"https:\/\/www.prologistik.com\/fr\/wp-json\/wp\/v2\/users\/92"}],"replies":[{"embeddable":true,"href":"https:\/\/www.prologistik.com\/fr\/wp-json\/wp\/v2\/comments?post=30983"}],"version-history":[{"count":2,"href":"https:\/\/www.prologistik.com\/fr\/wp-json\/wp\/v2\/posts\/30983\/revisions"}],"predecessor-version":[{"id":39999,"href":"https:\/\/www.prologistik.com\/fr\/wp-json\/wp\/v2\/posts\/30983\/revisions\/39999"}],"wp:featuredmedia":[{"embeddable":true,"href":"https:\/\/www.prologistik.com\/fr\/wp-json\/wp\/v2\/media\/32554"}],"wp:attachment":[{"href":"https:\/\/www.prologistik.com\/fr\/wp-json\/wp\/v2\/media?parent=30983"}],"wp:term":[{"taxonomy":"category","embeddable":true,"href":"https:\/\/www.prologistik.com\/fr\/wp-json\/wp\/v2\/categories?post=30983"},{"taxonomy":"post_tag","embeddable":true,"href":"https:\/\/www.prologistik.com\/fr\/wp-json\/wp\/v2\/tags?post=30983"}],"curies":[{"name":"wp","href":"https:\/\/api.w.org\/{rel}","templated":true}]}}