{"id":48952,"date":"2025-06-04T09:46:27","date_gmt":"2025-06-04T07:46:27","guid":{"rendered":"https:\/\/www.prologistik.com\/?p=48952"},"modified":"2025-07-21T11:41:06","modified_gmt":"2025-07-21T09:41:06","slug":"prologistik-group-provides-kuhnenagel-with-wm-for-orange","status":"publish","type":"post","link":"https:\/\/www.prologistik.com\/en\/prologistik-group-provides-kuhnenagel-with-wm-for-orange\/","title":{"rendered":"proLogistik Group provides Kuehne+Nagel with Warehouse Management and Supply Chain Solution for Orange"},"content":{"rendered":"\n<p><strong>Dortmund\/Nantes, 4th june 2025 \u2013 <strong>With the extension of the partnership between Orange and Kuehne+Nagel for the period 2026 to 2029, the proLogistik Group, as the provider of the Logistar warehouse management software, reinforces its contribution to their shared success. The company reaffirms its commitment to innovative logistics solutions and close collaboration with its long-standing customer Kuehne+Nagel. A key focus lies in the control functions of Logistar, which go far beyond traditional warehouse management and efficiently support the entire supply chain.<\/strong><\/strong><\/p>\n\n\n\n<h4 class=\"wp-block-heading has--font-size\" id=\"h-long-standing-partnership\">Long-standing Partnership<\/h4>\n\n\n\n<p>The implementation of Logistar, the warehouse management system (WMS) from the proLogistik Group (formerly DSIA), began back in 2002 to manage logistics operations related to e-commerce and the supply of Orange\u2019s retail locations. Since then, the software solution, together with the locally based support team in France, has supported daily operations.<\/p>\n\n\n\n<h4 class=\"gb-headline gb-headline-7dd36c0f gb-headline-text\">From Goods Receipt to Delivery \u2013 Logistar Supports Every Step<\/h4>\n\n\n\n<p>The solution covers all strategic logistics processes: managing incoming goods from multiple suppliers, dynamic slotting, control of internal material flows, order picking using various methods, and coordination of both B2B and B2C shipping processes. Real-time tracking and intelligent task management ensure optimal performance of the logistics site.<\/p>\n\n\n\n<div class=\"wp-block-columns is-layout-flex wp-container-core-columns-is-layout-9d6595d7 wp-block-columns-is-layout-flex\">\n<div class=\"wp-block-column is-layout-flow wp-block-column-is-layout-flow\">\n<p><em>\u201cThe WMS Logistar is a robust and scalable solution that has adapted to Orange\u2019s specific requirements for over 20 years. It helps us achieve our goals in terms of traceability, optimizing production capacity, and providing flexibility in packaging and content. Moreover, the technical teams at proLogistik are a real asset for Orange. Their expertise and willingness to respond to our needs allow us to jointly define solutions that meet our business, IT, and technical challenges,\u201d<\/em> explains Lionel Benezech, Director <a class=\"wpil_keyword_link\" href=\"https:\/\/www.prologistik.com\/en\/logistics-lexicon\/supply-chain-management\/\"   title=\"Supply Chain\" data-wpil-keyword-link=\"linked\"  data-wpil-monitor-id=\"219\">Supply Chain<\/a> France, Orange\/OF\/Operations\/SCF.<\/p>\n<\/div>\n\n\n\n<div class=\"wp-block-column is-layout-flow wp-block-column-is-layout-flow\">\n<figure class=\"wp-block-image size-full is-resized\"><img loading=\"lazy\" decoding=\"async\" width=\"550\" height=\"550\" src=\"https:\/\/www.prologistik.com\/wp-content\/uploads\/Grafik_Logistar-1.png\" alt=\"proLogistik WMS Logistar\" class=\"wp-image-49346\" style=\"width:396px;height:auto\" srcset=\"https:\/\/www.prologistik.com\/wp-content\/uploads\/Grafik_Logistar-1.png 550w, https:\/\/www.prologistik.com\/wp-content\/uploads\/Grafik_Logistar-1-300x300.png 300w, https:\/\/www.prologistik.com\/wp-content\/uploads\/Grafik_Logistar-1-150x150.png 150w, https:\/\/www.prologistik.com\/wp-content\/uploads\/Grafik_Logistar-1-480x480.png 480w\" sizes=\"auto, (max-width: 550px) 100vw, 550px\" \/><\/figure>\n<\/div>\n<\/div>\n\n\n\n<h4 class=\"gb-headline gb-headline-005af12c gb-headline-text\">A Central Solution for Operations and Control<\/h4>\n\n\n\n<p>The WMS is connected in real time via API and standardized EDI interfaces with Orange\u2019s information system, ensuring synchronization of order, inventory, and delivery data. It is also integrated with automated conveyor systems from CIUCH, which handle fast-moving goods. These systems enable automated packaging of e-commerce orders and semi-automated picking for stores and specialty retailers. Downstream, the WMS communicates directly with the transport management systems (TMS) of the freight carriers. It allows for automatic label generation, tour scheduling, manifest creation, and shipment tracking through to final delivery.<\/p>\n\n\n\n<p>Logistar is designed to flexibly adapt to the business processes of its customers. It can be used at any workstation \u2013 whether stationary or mobile \u2013 and enables staff to manage goods receipt, storage, picking, packaging, and shipping in real time.<\/p>\n\n\n\n<p>For managers, Logistar offers interactive dashboards, KPIs, and productivity and quality metrics, allowing precise operational control and quick responses to logistical disruptions. The user interface is fully tailored to specific role profiles, ensuring targeted functionality and user-friendly operation.<\/p>\n\n\n\n<div class=\"wp-block-columns is-layout-flex wp-container-core-columns-is-layout-9d6595d7 wp-block-columns-is-layout-flex\">\n<div class=\"wp-block-column is-layout-flow wp-block-column-is-layout-flow\">\n<div class=\"wp-block-columns is-layout-flex wp-container-core-columns-is-layout-9d6595d7 wp-block-columns-is-layout-flex\">\n<div class=\"wp-block-column is-layout-flow wp-block-column-is-layout-flow\" style=\"flex-basis:100%\">\n<p><em>\u201cThe proLogistik Group delivers with Logistar a WMS that manages all logistics processes at the Kuehne+Nagel platform dedicated to Orange. This solution covers all key steps: goods receipt, inventory management, picking, and shipping. Logistar ensures full traceability of goods flows and is fully integrated both with Orange\u2019s tools via EDI and with the WCS used to control conveyor systems on site,\u201d <\/em>says Jean-Michel Guillet, Logistics Manager at the Kuehne+Nagel site for Orange.<\/p>\n<\/div>\n<\/div>\n<\/div>\n\n\n\n<div class=\"wp-block-column is-layout-flow wp-block-column-is-layout-flow\">\n<figure class=\"wp-block-image size-large is-resized\"><img loading=\"lazy\" decoding=\"async\" width=\"886\" height=\"1024\" src=\"https:\/\/www.prologistik.com\/wp-content\/uploads\/IMG_0344-Jean-Michel-Guillet-Directeur-du-site-logistique-KuehneNagel-dOrange-886x1024.jpg\" alt=\"Jean-Michel Guillet, Logistics Manager at the K\u00fchne+Nagel site for Orange\" class=\"wp-image-48955\" style=\"width:328px;height:auto\" srcset=\"https:\/\/www.prologistik.com\/wp-content\/uploads\/IMG_0344-Jean-Michel-Guillet-Directeur-du-site-logistique-KuehneNagel-dOrange-886x1024.jpg 886w, https:\/\/www.prologistik.com\/wp-content\/uploads\/IMG_0344-Jean-Michel-Guillet-Directeur-du-site-logistique-KuehneNagel-dOrange-260x300.jpg 260w, https:\/\/www.prologistik.com\/wp-content\/uploads\/IMG_0344-Jean-Michel-Guillet-Directeur-du-site-logistique-KuehneNagel-dOrange-130x150.jpg 130w, https:\/\/www.prologistik.com\/wp-content\/uploads\/IMG_0344-Jean-Michel-Guillet-Directeur-du-site-logistique-KuehneNagel-dOrange-768x887.jpg 768w, https:\/\/www.prologistik.com\/wp-content\/uploads\/IMG_0344-Jean-Michel-Guillet-Directeur-du-site-logistique-KuehneNagel-dOrange-1329x1536.jpg 1329w, https:\/\/www.prologistik.com\/wp-content\/uploads\/IMG_0344-Jean-Michel-Guillet-Directeur-du-site-logistique-KuehneNagel-dOrange.jpg 1768w\" sizes=\"auto, (max-width: 886px) 100vw, 886px\" \/><\/figure>\n<\/div>\n<\/div>\n\n\n\n<div class=\"wp-block-columns is-layout-flex wp-container-core-columns-is-layout-9d6595d7 wp-block-columns-is-layout-flex\">\n<div class=\"wp-block-column is-layout-flow wp-block-column-is-layout-flow\">\n<h4 class=\"wp-block-heading\" id=\"h-intelligent-wms-when-data-predicts-performance\">Intelligent WMS: When Data Predicts Performance<\/h4>\n\n\n\n<p>The WMS software stands out for its flexibility and has supported the continuous development of the warehouse since Kuehne+Nagel took over e-commerce logistics for Orange. It adapts to changing logistical processes and the diversification of goods flows while maintaining a high level of operational efficiency.<\/p>\n\n\n\n<div class=\"wp-block-columns is-layout-flex wp-container-core-columns-is-layout-9d6595d7 wp-block-columns-is-layout-flex\">\n<div class=\"wp-block-column is-layout-flow wp-block-column-is-layout-flow\" style=\"flex-basis:33.33%\">\n<figure class=\"wp-block-image size-large is-resized\"><img loading=\"lazy\" decoding=\"async\" width=\"905\" height=\"1024\" alt=\"Patrick Claquin, Project Manager at the proLogistik Group.\" src=\"https:\/\/www.prologistik.com\/wp-content\/uploads\/Patrick-Claquin_2025_2-905x1024.jpg\" alt=\" Patrick Claquin, Project Manager at the proLogistik Group.\" class=\"wp-image-49134\" style=\"width:270px;height:auto\" srcset=\"https:\/\/www.prologistik.com\/wp-content\/uploads\/Patrick-Claquin_2025_2-905x1024.jpg 905w, https:\/\/www.prologistik.com\/wp-content\/uploads\/Patrick-Claquin_2025_2-265x300.jpg 265w, https:\/\/www.prologistik.com\/wp-content\/uploads\/Patrick-Claquin_2025_2-133x150.jpg 133w, https:\/\/www.prologistik.com\/wp-content\/uploads\/Patrick-Claquin_2025_2-768x869.jpg 768w, https:\/\/www.prologistik.com\/wp-content\/uploads\/Patrick-Claquin_2025_2-1358x1536.jpg 1358w, https:\/\/www.prologistik.com\/wp-content\/uploads\/Patrick-Claquin_2025_2-1811x2048.jpg 1811w\" sizes=\"auto, (max-width: 905px) 100vw, 905px\" \/><\/figure>\n<\/div>\n\n\n\n<div class=\"wp-block-column is-layout-flow wp-block-column-is-layout-flow\" style=\"flex-basis:66.66%\">\n<p><em>\u201cThe solutions are tailored to the increasing individualization of orders and the strain that e-commerce puts on logistics processes. Operational consulting is continuously carried out, based on analysis of the services provided, processes, and information systems. This enables the identification of value-added services and the development of appropriate software solutions,\u201d<\/em><br>explains Patrick Claquin, Project Manager at the proLogistik Group.<\/p>\n<\/div>\n<\/div>\n<\/div>\n<\/div>\n\n\n\n<p>The solution is designed for ongoing enhancement and will soon be expanded with artificial intelligence (AI) modules. These AI features will particularly enhance dynamic slotting: the goal is to predict the optimal product placement at goods receipt based on outbound forecasts, to reduce walking distances, shorten picking times, and maximize overall warehouse productivity.<\/p>\n\n\n\n<p><strong>Press contact<br><\/strong>Stefanie B\u00f6rtz<\/p>\n\n\n\n<p><a href=\"mailto:presse@prologistik.com\">presse@prologistik.com<\/a> | +49 231 5194 0<br>proLogistik GmbH |  Germany |  Fallgatter 1 |  44369 Dortmund<br>www.prologistik.com<\/p>\n","protected":false},"excerpt":{"rendered":"<p>proLogistik Group provides Kuehne+Nagel with Warehouse Management and Supply Chain Solution for Orange<\/p>\n","protected":false},"author":330,"featured_media":49343,"comment_status":"closed","ping_status":"closed","sticky":false,"template":"","format":"standard","meta":{"_acf_changed":false,"footnotes":""},"categories":[196,136,194,137],"tags":[470,468,447,469,320,280],"class_list":["post-48952","post","type-post","status-publish","format-standard","has-post-thumbnail","hentry","category-news-en","category-news","category-products","category-produkte","tag-logistar-2","tag-orange-2","tag-prologistikfrance-2","tag-successstory","tag-warehouse-management-system","tag-wms-en"],"acf":[],"yoast_head":"<!-- This site is optimized with the Yoast SEO Premium plugin v26.9 (Yoast SEO v27.5) - https:\/\/yoast.com\/product\/yoast-seo-premium-wordpress\/ -->\n<title>proLogistik Group provides Kuehne+Nagel with WMS for Orange<\/title>\n<meta name=\"description\" content=\"With Orange and Kuehne+Nagel\u2019s partnership extended to 2029, proLogistik Group strengthens its role in their shared success.\" \/>\n<meta name=\"robots\" content=\"index, follow, max-snippet:-1, max-image-preview:large, max-video-preview:-1\" \/>\n<link rel=\"canonical\" href=\"https:\/\/www.prologistik.com\/en\/prologistik-group-provides-kuhnenagel-with-wm-for-orange\/\" \/>\n<meta property=\"og:locale\" content=\"en_US\" \/>\n<meta property=\"og:type\" content=\"article\" \/>\n<meta property=\"og:title\" content=\"proLogistik Group provides Kuehne+Nagel with Warehouse Management and Supply Chain Solution for Orange\" \/>\n<meta property=\"og:description\" content=\"With Orange and Kuehne+Nagel\u2019s partnership extended to 2029, proLogistik Group strengthens its role in their shared success.\" \/>\n<meta property=\"og:url\" content=\"https:\/\/www.prologistik.com\/en\/prologistik-group-provides-kuhnenagel-with-wm-for-orange\/\" \/>\n<meta property=\"og:site_name\" content=\"proLogistik Group\" \/>\n<meta property=\"article:published_time\" content=\"2025-06-04T07:46:27+00:00\" \/>\n<meta property=\"article:modified_time\" content=\"2025-07-21T09:41:06+00:00\" \/>\n<meta property=\"og:image\" content=\"https:\/\/www.prologistik.com\/wp-content\/uploads\/Grafiken_Kuehne-Nagel-Orange_Lager-1.png\" \/>\n\t<meta property=\"og:image:width\" content=\"920\" \/>\n\t<meta property=\"og:image:height\" content=\"550\" \/>\n\t<meta property=\"og:image:type\" content=\"image\/png\" \/>\n<meta name=\"author\" content=\"proLogistik Online-Redaktion\" \/>\n<meta name=\"twitter:card\" content=\"summary_large_image\" \/>\n<meta name=\"twitter:label1\" content=\"Written by\" \/>\n\t<meta name=\"twitter:data1\" content=\"proLogistik Online-Redaktion\" \/>\n\t<meta name=\"twitter:label2\" content=\"Est. reading time\" \/>\n\t<meta name=\"twitter:data2\" content=\"4 minutes\" \/>\n<script type=\"application\/ld+json\" class=\"yoast-schema-graph\">{\"@context\":\"https:\\\/\\\/schema.org\",\"@graph\":[{\"@type\":\"Article\",\"@id\":\"https:\\\/\\\/www.prologistik.com\\\/en\\\/prologistik-group-provides-kuhnenagel-with-wm-for-orange\\\/#article\",\"isPartOf\":{\"@id\":\"https:\\\/\\\/www.prologistik.com\\\/en\\\/prologistik-group-provides-kuhnenagel-with-wm-for-orange\\\/\"},\"author\":{\"name\":\"proLogistik Online-Redaktion\",\"@id\":\"https:\\\/\\\/www.prologistik.com\\\/en\\\/#\\\/schema\\\/person\\\/c027e90fb1e7b522a4c561aeaaf72330\"},\"headline\":\"proLogistik Group provides Kuehne+Nagel with Warehouse Management and Supply Chain Solution for Orange\",\"datePublished\":\"2025-06-04T07:46:27+00:00\",\"dateModified\":\"2025-07-21T09:41:06+00:00\",\"mainEntityOfPage\":{\"@id\":\"https:\\\/\\\/www.prologistik.com\\\/en\\\/prologistik-group-provides-kuhnenagel-with-wm-for-orange\\\/\"},\"wordCount\":717,\"publisher\":{\"@id\":\"https:\\\/\\\/www.prologistik.com\\\/en\\\/#organization\"},\"image\":{\"@id\":\"https:\\\/\\\/www.prologistik.com\\\/en\\\/prologistik-group-provides-kuhnenagel-with-wm-for-orange\\\/#primaryimage\"},\"thumbnailUrl\":\"https:\\\/\\\/www.prologistik.com\\\/wp-content\\\/uploads\\\/Grafiken_Kuehne-Nagel-Orange_Lager-1.png\",\"keywords\":[\"Logistar\",\"Orange\",\"proLogistikFrance\",\"SuccessStory\",\"warehouse management system\",\"wms\"],\"articleSection\":[\"News\",\"News\",\"Products\",\"Produkte\"],\"inLanguage\":\"en-US\"},{\"@type\":\"WebPage\",\"@id\":\"https:\\\/\\\/www.prologistik.com\\\/en\\\/prologistik-group-provides-kuhnenagel-with-wm-for-orange\\\/\",\"url\":\"https:\\\/\\\/www.prologistik.com\\\/en\\\/prologistik-group-provides-kuhnenagel-with-wm-for-orange\\\/\",\"name\":\"proLogistik Group provides Kuehne+Nagel with WMS for Orange\",\"isPartOf\":{\"@id\":\"https:\\\/\\\/www.prologistik.com\\\/en\\\/#website\"},\"primaryImageOfPage\":{\"@id\":\"https:\\\/\\\/www.prologistik.com\\\/en\\\/prologistik-group-provides-kuhnenagel-with-wm-for-orange\\\/#primaryimage\"},\"image\":{\"@id\":\"https:\\\/\\\/www.prologistik.com\\\/en\\\/prologistik-group-provides-kuhnenagel-with-wm-for-orange\\\/#primaryimage\"},\"thumbnailUrl\":\"https:\\\/\\\/www.prologistik.com\\\/wp-content\\\/uploads\\\/Grafiken_Kuehne-Nagel-Orange_Lager-1.png\",\"datePublished\":\"2025-06-04T07:46:27+00:00\",\"dateModified\":\"2025-07-21T09:41:06+00:00\",\"description\":\"With Orange and Kuehne+Nagel\u2019s partnership extended to 2029, proLogistik Group strengthens its role in their shared success.\",\"breadcrumb\":{\"@id\":\"https:\\\/\\\/www.prologistik.com\\\/en\\\/prologistik-group-provides-kuhnenagel-with-wm-for-orange\\\/#breadcrumb\"},\"inLanguage\":\"en-US\",\"potentialAction\":[{\"@type\":\"ReadAction\",\"target\":[\"https:\\\/\\\/www.prologistik.com\\\/en\\\/prologistik-group-provides-kuhnenagel-with-wm-for-orange\\\/\"]}]},{\"@type\":\"ImageObject\",\"inLanguage\":\"en-US\",\"@id\":\"https:\\\/\\\/www.prologistik.com\\\/en\\\/prologistik-group-provides-kuhnenagel-with-wm-for-orange\\\/#primaryimage\",\"url\":\"https:\\\/\\\/www.prologistik.com\\\/wp-content\\\/uploads\\\/Grafiken_Kuehne-Nagel-Orange_Lager-1.png\",\"contentUrl\":\"https:\\\/\\\/www.prologistik.com\\\/wp-content\\\/uploads\\\/Grafiken_Kuehne-Nagel-Orange_Lager-1.png\",\"width\":920,\"height\":550,\"caption\":\"proLogistik Group liefert K\u00fchne+Nagel die Lagerverwaltungs- und Supply-Chain-L\u00f6sung f\u00fcr Orange\"},{\"@type\":\"BreadcrumbList\",\"@id\":\"https:\\\/\\\/www.prologistik.com\\\/en\\\/prologistik-group-provides-kuhnenagel-with-wm-for-orange\\\/#breadcrumb\",\"itemListElement\":[{\"@type\":\"ListItem\",\"position\":1,\"name\":\"Startseite\",\"item\":\"https:\\\/\\\/www.prologistik.com\\\/en\\\/\"},{\"@type\":\"ListItem\",\"position\":2,\"name\":\"proLogistik Group provides Kuehne+Nagel with Warehouse Management and Supply Chain Solution for Orange\"}]},{\"@type\":\"WebSite\",\"@id\":\"https:\\\/\\\/www.prologistik.com\\\/en\\\/#website\",\"url\":\"https:\\\/\\\/www.prologistik.com\\\/en\\\/\",\"name\":\"proLogistik Group\",\"description\":\"Software und Hardware f\u00fcr die Intralogistik\",\"publisher\":{\"@id\":\"https:\\\/\\\/www.prologistik.com\\\/en\\\/#organization\"},\"potentialAction\":[{\"@type\":\"SearchAction\",\"target\":{\"@type\":\"EntryPoint\",\"urlTemplate\":\"https:\\\/\\\/www.prologistik.com\\\/en\\\/?s={search_term_string}\"},\"query-input\":{\"@type\":\"PropertyValueSpecification\",\"valueRequired\":true,\"valueName\":\"search_term_string\"}}],\"inLanguage\":\"en-US\"},{\"@type\":\"Organization\",\"@id\":\"https:\\\/\\\/www.prologistik.com\\\/en\\\/#organization\",\"name\":\"proLogistik Group\",\"url\":\"https:\\\/\\\/www.prologistik.com\\\/en\\\/\",\"logo\":{\"@type\":\"ImageObject\",\"inLanguage\":\"en-US\",\"@id\":\"https:\\\/\\\/www.prologistik.com\\\/en\\\/#\\\/schema\\\/logo\\\/image\\\/\",\"url\":\"https:\\\/\\\/www.prologistik.com\\\/wp-content\\\/uploads\\\/prologistik-logo-web.svg\",\"contentUrl\":\"https:\\\/\\\/www.prologistik.com\\\/wp-content\\\/uploads\\\/prologistik-logo-web.svg\",\"width\":320,\"height\":59,\"caption\":\"proLogistik Group\"},\"image\":{\"@id\":\"https:\\\/\\\/www.prologistik.com\\\/en\\\/#\\\/schema\\\/logo\\\/image\\\/\"}},{\"@type\":\"Person\",\"@id\":\"https:\\\/\\\/www.prologistik.com\\\/en\\\/#\\\/schema\\\/person\\\/c027e90fb1e7b522a4c561aeaaf72330\",\"name\":\"proLogistik Online-Redaktion\",\"image\":{\"@type\":\"ImageObject\",\"inLanguage\":\"en-US\",\"@id\":\"https:\\\/\\\/secure.gravatar.com\\\/avatar\\\/c4746b477a9a3377db34607ce35d0a39c536f4abcac752a3763adf3b68eaf68a?s=96&d=mm&r=g\",\"url\":\"https:\\\/\\\/secure.gravatar.com\\\/avatar\\\/c4746b477a9a3377db34607ce35d0a39c536f4abcac752a3763adf3b68eaf68a?s=96&d=mm&r=g\",\"contentUrl\":\"https:\\\/\\\/secure.gravatar.com\\\/avatar\\\/c4746b477a9a3377db34607ce35d0a39c536f4abcac752a3763adf3b68eaf68a?s=96&d=mm&r=g\",\"caption\":\"proLogistik Online-Redaktion\"},\"url\":\"https:\\\/\\\/www.prologistik.com\\\/en\\\/author\\\/prologistik-online-redaktion\\\/\"}]}<\/script>\n<!-- \/ Yoast SEO Premium plugin. -->","yoast_head_json":{"title":"proLogistik Group provides Kuehne+Nagel with WMS for Orange","description":"With Orange and Kuehne+Nagel\u2019s partnership extended to 2029, proLogistik Group strengthens its role in their shared success.","robots":{"index":"index","follow":"follow","max-snippet":"max-snippet:-1","max-image-preview":"max-image-preview:large","max-video-preview":"max-video-preview:-1"},"canonical":"https:\/\/www.prologistik.com\/en\/prologistik-group-provides-kuhnenagel-with-wm-for-orange\/","og_locale":"en_US","og_type":"article","og_title":"proLogistik Group provides Kuehne+Nagel with Warehouse Management and Supply Chain Solution for Orange","og_description":"With Orange and Kuehne+Nagel\u2019s partnership extended to 2029, proLogistik Group strengthens its role in their shared success.","og_url":"https:\/\/www.prologistik.com\/en\/prologistik-group-provides-kuhnenagel-with-wm-for-orange\/","og_site_name":"proLogistik Group","article_published_time":"2025-06-04T07:46:27+00:00","article_modified_time":"2025-07-21T09:41:06+00:00","og_image":[{"width":920,"height":550,"url":"https:\/\/www.prologistik.com\/wp-content\/uploads\/Grafiken_Kuehne-Nagel-Orange_Lager-1.png","type":"image\/png"}],"author":"proLogistik Online-Redaktion","twitter_card":"summary_large_image","twitter_misc":{"Written by":"proLogistik Online-Redaktion","Est. reading time":"4 minutes"},"schema":{"@context":"https:\/\/schema.org","@graph":[{"@type":"Article","@id":"https:\/\/www.prologistik.com\/en\/prologistik-group-provides-kuhnenagel-with-wm-for-orange\/#article","isPartOf":{"@id":"https:\/\/www.prologistik.com\/en\/prologistik-group-provides-kuhnenagel-with-wm-for-orange\/"},"author":{"name":"proLogistik Online-Redaktion","@id":"https:\/\/www.prologistik.com\/en\/#\/schema\/person\/c027e90fb1e7b522a4c561aeaaf72330"},"headline":"proLogistik Group provides Kuehne+Nagel with Warehouse Management and Supply Chain Solution for Orange","datePublished":"2025-06-04T07:46:27+00:00","dateModified":"2025-07-21T09:41:06+00:00","mainEntityOfPage":{"@id":"https:\/\/www.prologistik.com\/en\/prologistik-group-provides-kuhnenagel-with-wm-for-orange\/"},"wordCount":717,"publisher":{"@id":"https:\/\/www.prologistik.com\/en\/#organization"},"image":{"@id":"https:\/\/www.prologistik.com\/en\/prologistik-group-provides-kuhnenagel-with-wm-for-orange\/#primaryimage"},"thumbnailUrl":"https:\/\/www.prologistik.com\/wp-content\/uploads\/Grafiken_Kuehne-Nagel-Orange_Lager-1.png","keywords":["Logistar","Orange","proLogistikFrance","SuccessStory","warehouse management system","wms"],"articleSection":["News","News","Products","Produkte"],"inLanguage":"en-US"},{"@type":"WebPage","@id":"https:\/\/www.prologistik.com\/en\/prologistik-group-provides-kuhnenagel-with-wm-for-orange\/","url":"https:\/\/www.prologistik.com\/en\/prologistik-group-provides-kuhnenagel-with-wm-for-orange\/","name":"proLogistik Group provides Kuehne+Nagel with WMS for Orange","isPartOf":{"@id":"https:\/\/www.prologistik.com\/en\/#website"},"primaryImageOfPage":{"@id":"https:\/\/www.prologistik.com\/en\/prologistik-group-provides-kuhnenagel-with-wm-for-orange\/#primaryimage"},"image":{"@id":"https:\/\/www.prologistik.com\/en\/prologistik-group-provides-kuhnenagel-with-wm-for-orange\/#primaryimage"},"thumbnailUrl":"https:\/\/www.prologistik.com\/wp-content\/uploads\/Grafiken_Kuehne-Nagel-Orange_Lager-1.png","datePublished":"2025-06-04T07:46:27+00:00","dateModified":"2025-07-21T09:41:06+00:00","description":"With Orange and Kuehne+Nagel\u2019s partnership extended to 2029, proLogistik Group strengthens its role in their shared success.","breadcrumb":{"@id":"https:\/\/www.prologistik.com\/en\/prologistik-group-provides-kuhnenagel-with-wm-for-orange\/#breadcrumb"},"inLanguage":"en-US","potentialAction":[{"@type":"ReadAction","target":["https:\/\/www.prologistik.com\/en\/prologistik-group-provides-kuhnenagel-with-wm-for-orange\/"]}]},{"@type":"ImageObject","inLanguage":"en-US","@id":"https:\/\/www.prologistik.com\/en\/prologistik-group-provides-kuhnenagel-with-wm-for-orange\/#primaryimage","url":"https:\/\/www.prologistik.com\/wp-content\/uploads\/Grafiken_Kuehne-Nagel-Orange_Lager-1.png","contentUrl":"https:\/\/www.prologistik.com\/wp-content\/uploads\/Grafiken_Kuehne-Nagel-Orange_Lager-1.png","width":920,"height":550,"caption":"proLogistik Group liefert K\u00fchne+Nagel die Lagerverwaltungs- und Supply-Chain-L\u00f6sung f\u00fcr Orange"},{"@type":"BreadcrumbList","@id":"https:\/\/www.prologistik.com\/en\/prologistik-group-provides-kuhnenagel-with-wm-for-orange\/#breadcrumb","itemListElement":[{"@type":"ListItem","position":1,"name":"Startseite","item":"https:\/\/www.prologistik.com\/en\/"},{"@type":"ListItem","position":2,"name":"proLogistik Group provides Kuehne+Nagel with Warehouse Management and Supply Chain Solution for Orange"}]},{"@type":"WebSite","@id":"https:\/\/www.prologistik.com\/en\/#website","url":"https:\/\/www.prologistik.com\/en\/","name":"proLogistik Group","description":"Software und Hardware f\u00fcr die Intralogistik","publisher":{"@id":"https:\/\/www.prologistik.com\/en\/#organization"},"potentialAction":[{"@type":"SearchAction","target":{"@type":"EntryPoint","urlTemplate":"https:\/\/www.prologistik.com\/en\/?s={search_term_string}"},"query-input":{"@type":"PropertyValueSpecification","valueRequired":true,"valueName":"search_term_string"}}],"inLanguage":"en-US"},{"@type":"Organization","@id":"https:\/\/www.prologistik.com\/en\/#organization","name":"proLogistik Group","url":"https:\/\/www.prologistik.com\/en\/","logo":{"@type":"ImageObject","inLanguage":"en-US","@id":"https:\/\/www.prologistik.com\/en\/#\/schema\/logo\/image\/","url":"https:\/\/www.prologistik.com\/wp-content\/uploads\/prologistik-logo-web.svg","contentUrl":"https:\/\/www.prologistik.com\/wp-content\/uploads\/prologistik-logo-web.svg","width":320,"height":59,"caption":"proLogistik Group"},"image":{"@id":"https:\/\/www.prologistik.com\/en\/#\/schema\/logo\/image\/"}},{"@type":"Person","@id":"https:\/\/www.prologistik.com\/en\/#\/schema\/person\/c027e90fb1e7b522a4c561aeaaf72330","name":"proLogistik Online-Redaktion","image":{"@type":"ImageObject","inLanguage":"en-US","@id":"https:\/\/secure.gravatar.com\/avatar\/c4746b477a9a3377db34607ce35d0a39c536f4abcac752a3763adf3b68eaf68a?s=96&d=mm&r=g","url":"https:\/\/secure.gravatar.com\/avatar\/c4746b477a9a3377db34607ce35d0a39c536f4abcac752a3763adf3b68eaf68a?s=96&d=mm&r=g","contentUrl":"https:\/\/secure.gravatar.com\/avatar\/c4746b477a9a3377db34607ce35d0a39c536f4abcac752a3763adf3b68eaf68a?s=96&d=mm&r=g","caption":"proLogistik Online-Redaktion"},"url":"https:\/\/www.prologistik.com\/en\/author\/prologistik-online-redaktion\/"}]}},"_links":{"self":[{"href":"https:\/\/www.prologistik.com\/en\/wp-json\/wp\/v2\/posts\/48952","targetHints":{"allow":["GET"]}}],"collection":[{"href":"https:\/\/www.prologistik.com\/en\/wp-json\/wp\/v2\/posts"}],"about":[{"href":"https:\/\/www.prologistik.com\/en\/wp-json\/wp\/v2\/types\/post"}],"author":[{"embeddable":true,"href":"https:\/\/www.prologistik.com\/en\/wp-json\/wp\/v2\/users\/330"}],"replies":[{"embeddable":true,"href":"https:\/\/www.prologistik.com\/en\/wp-json\/wp\/v2\/comments?post=48952"}],"version-history":[{"count":18,"href":"https:\/\/www.prologistik.com\/en\/wp-json\/wp\/v2\/posts\/48952\/revisions"}],"predecessor-version":[{"id":54497,"href":"https:\/\/www.prologistik.com\/en\/wp-json\/wp\/v2\/posts\/48952\/revisions\/54497"}],"wp:featuredmedia":[{"embeddable":true,"href":"https:\/\/www.prologistik.com\/en\/wp-json\/wp\/v2\/media\/49343"}],"wp:attachment":[{"href":"https:\/\/www.prologistik.com\/en\/wp-json\/wp\/v2\/media?parent=48952"}],"wp:term":[{"taxonomy":"category","embeddable":true,"href":"https:\/\/www.prologistik.com\/en\/wp-json\/wp\/v2\/categories?post=48952"},{"taxonomy":"post_tag","embeddable":true,"href":"https:\/\/www.prologistik.com\/en\/wp-json\/wp\/v2\/tags?post=48952"}],"curies":[{"name":"wp","href":"https:\/\/api.w.org\/{rel}","templated":true}]}}